{"id":6599,"date":"2012-12-05T15:11:21","date_gmt":"2012-12-05T12:11:21","guid":{"rendered":"https:\/\/www.sp.k12.tr\/?p=6599"},"modified":"2019-12-27T15:21:24","modified_gmt":"2019-12-27T12:21:24","slug":"une-belle-randonnee-sous-la-pluie","status":"publish","type":"post","link":"https:\/\/www.sp.k12.tr\/fr\/une-belle-randonnee-sous-la-pluie\/","title":{"rendered":"Une belle randonn\u00e9e sous la pluie&#8230;"},"content":{"rendered":"<p>Le vendredi 30 novembre, l\u2019\u00e9quipe a quitt\u00e9 l\u2019\u00e9cole \u00e0 14h \u00e0 destination de Yalova. Le voyage a \u00e9t\u00e9 suivi par une courte promenade et le d\u00eener.<\/p>\n<p>Le samedi matin, apr\u00e8s le petit d\u00e9jeuner, notre groupe d\u2019\u00e9l\u00e8ves et de professeurs s\u2019est mis en route pour la randonn\u00e9e au plateau d\u2019Erikli. En 6 heures, pauses comprises, nous avons parcouru une distance de 16,4 km. Notre parcours habituel \u00e9tant ferm\u00e9, nous avons du choisir un itin\u00e9raire diff\u00e9rent. Ce changement de route et la pluie tr\u00e8s forte ont rendu le trekking difficile et fatiguant. Pourtant, nos \u00e9l\u00e8ves ont fait preuve d\u2019une grande volont\u00e9 et de courage, ils se sont aid\u00e9s les uns les autres sur le parcours.<\/p>\n<p>A l\u2019occasion de cette journ\u00e9e, nous nous sommes \u00e9loign\u00e9s de nos t\u00e9l\u00e9phones portables, d\u2019internet et nous avons profit\u00e9 des bienfaits de la nature. Nous avons tous eu conscience de l\u2019importance de la lutte contre la pollution, le tabagisme et contre toutes les autres types de d\u00e9pendances&#8230; Apr\u00e8s tant d\u2019efforts, nous avons \u00e9t\u00e9 r\u00e9compens\u00e9s \u00e0 l\u2019heure du d\u00eener avec un plat compos\u00e9 de d\u00e9licieuses pizzas turques \u00ab\u00a0pide\u00a0\u00bb.<\/p>\n<p>Le lendemain, \u00e0 l\u2019heure du retour, nous sommes mont\u00e9s \u00e0 bord du ferry Yalova-Yenikap\u0131 pour retrouver quelques heures plus tard notre \u00e9cole.<\/p>\n<p>Nous souhaitons que ce projet porteur de valeurs fortes &#8211; qui sensibilise les \u00e9l\u00e8ves aux m\u00e9faits du tabac, encourage le sport, l\u2019esprit d\u2019\u00e9quipe et la solidarit\u00e9 -aide nos \u00e9l\u00e8ves \u00e0 aborder une vie saine et \u00e9quilibr\u00e9e.<\/p>\n","protected":false},"excerpt":{"rendered":"<p>Le vendredi 30 novembre, l\u2019\u00e9quipe a quitt\u00e9 l\u2019\u00e9cole \u00e0 14h \u00e0 destination de Yalova. Le voyage a \u00e9t\u00e9 suivi par une courte promenade et le d\u00eener. Le samedi matin, apr\u00e8s le petit d\u00e9jeuner, notre groupe d\u2019\u00e9l\u00e8ves et de professeurs s\u2019est [&hellip;]<\/p>\n","protected":false},"author":1,"featured_media":0,"comment_status":"open","ping_status":"open","sticky":false,"template":"","format":"standard","meta":{"_monsterinsights_skip_tracking":false,"_monsterinsights_sitenote_active":false,"_monsterinsights_sitenote_note":"","_monsterinsights_sitenote_category":0,"footnotes":""},"categories":[56],"tags":[],"class_list":["post-6599","post","type-post","status-publish","format-standard","hentry","category-sport"],"_links":{"self":[{"href":"https:\/\/www.sp.k12.tr\/fr\/wp-json\/wp\/v2\/posts\/6599","targetHints":{"allow":["GET"]}}],"collection":[{"href":"https:\/\/www.sp.k12.tr\/fr\/wp-json\/wp\/v2\/posts"}],"about":[{"href":"https:\/\/www.sp.k12.tr\/fr\/wp-json\/wp\/v2\/types\/post"}],"author":[{"embeddable":true,"href":"https:\/\/www.sp.k12.tr\/fr\/wp-json\/wp\/v2\/users\/1"}],"replies":[{"embeddable":true,"href":"https:\/\/www.sp.k12.tr\/fr\/wp-json\/wp\/v2\/comments?post=6599"}],"version-history":[{"count":0,"href":"https:\/\/www.sp.k12.tr\/fr\/wp-json\/wp\/v2\/posts\/6599\/revisions"}],"wp:attachment":[{"href":"https:\/\/www.sp.k12.tr\/fr\/wp-json\/wp\/v2\/media?parent=6599"}],"wp:term":[{"taxonomy":"category","embeddable":true,"href":"https:\/\/www.sp.k12.tr\/fr\/wp-json\/wp\/v2\/categories?post=6599"},{"taxonomy":"post_tag","embeddable":true,"href":"https:\/\/www.sp.k12.tr\/fr\/wp-json\/wp\/v2\/tags?post=6599"}],"curies":[{"name":"wp","href":"https:\/\/api.w.org\/{rel}","templated":true}]}}