{"id":64764,"date":"2026-04-22T10:26:28","date_gmt":"2026-04-22T07:26:28","guid":{"rendered":"https:\/\/www.sp.k12.tr\/?p=64764"},"modified":"2026-04-22T10:26:28","modified_gmt":"2026-04-22T07:26:28","slug":"yesil-vatanda-nisan-ayi-sifir-atik-ile-gelecegi-donusturuyoruz","status":"publish","type":"post","link":"https:\/\/www.sp.k12.tr\/fr\/yesil-vatanda-nisan-ayi-sifir-atik-ile-gelecegi-donusturuyoruz\/","title":{"rendered":"Ye\u015fil Vatan\u2019da Nisan Ay\u0131: \u00ab\u00a0S\u0131f\u0131r At\u0131k\u00a0\u00bb ile Gelece\u011fi D\u00f6n\u00fc\u015ft\u00fcr\u00fcyoruz!"},"content":{"rendered":"<h3 data-path-to-node=\"4\"><span style=\"font-family: georgia, palatino, serif; font-size: 14pt; color: #000000;\">Do\u011faya S\u00f6z Veriyoruz: At\u0131klar\u0131 De\u011fere D\u00f6n\u00fc\u015ft\u00fcr\u00fcyoruz<\/span><\/h3>\n<p data-path-to-node=\"5\"><span style=\"color: #000000;\"><span style=\"font-family: georgia, palatino, serif; font-size: 14pt;\">Nisan ay\u0131 boyunca sadece at\u0131klar\u0131 ayr\u0131\u015ft\u0131rm\u0131yor, onlar\u0131 yeniden hayata kazand\u0131r\u0131yoruz. <\/span><\/span><\/p>\n<h3 data-path-to-node=\"7\"><span style=\"font-family: georgia, palatino, serif; font-size: 14pt; color: #000000;\">22 Nisan D\u00fcnya G\u00fcn\u00fc: \u0130klim \u0130\u00e7in El Ele<\/span><\/h3>\n<p data-path-to-node=\"8\"><span style=\"font-family: georgia, palatino, serif; font-size: 14pt; color: #000000;\">D\u00fcnya \u00fczerindeki ortak evimizi korumak i\u00e7in <b data-path-to-node=\"8\" data-index-in-node=\"44\">22 Nisan D\u00fcnya G\u00fcn\u00fc<\/b>&lsquo;nde fark\u0131ndal\u0131k etkinlikleri d\u00fczenliyoruz. \u00c7evre ve \u0130klim Okuryazarl\u0131\u011f\u0131 rehberli\u011finde; s\u0131n\u0131f i\u00e7i ve saha uygulamalar\u0131yla ekosistemin bir par\u00e7as\u0131 oldu\u011fumuzu yeniden hat\u0131rl\u0131yoruz.<\/span><\/p>\n<h3 data-path-to-node=\"9\"><span style=\"font-family: georgia, palatino, serif; font-size: 14pt; color: #000000;\">G\u00fcvenli Bir Gelecek, G\u00fcvenli Y\u00f6netim<\/span><\/h3>\n<p data-path-to-node=\"12,0\"><span style=\"font-family: georgia, palatino, serif; font-size: 14pt; color: #000000;\"><b data-path-to-node=\"12,0\" data-index-in-node=\"0\">Biliyor muydunuz?<\/b> S\u0131f\u0131r At\u0131k, sadece bir geri d\u00f6n\u00fc\u015f\u00fcm y\u00f6ntemi de\u011fil; israf\u0131 \u00f6nlemek, kaynaklar\u0131 daha verimli kullanmak ve at\u0131k miktar\u0131n\u0131 en aza indirmek \u00fczerine kurulu bir ya\u015fam felsefesidir.<\/span><\/p>\n<p data-path-to-node=\"15\"><span style=\"font-family: georgia, palatino, serif; font-size: 14pt; color: #000000;\">Sosyal sorumluluk kampanyalar\u0131m\u0131zla t\u00fcm payda\u015flar\u0131m\u0131z\u0131 bu de\u011fi\u015fimin bir par\u00e7as\u0131 olmaya davet ediyoruz.<\/span><\/p>\n<h3 data-path-to-node=\"16\"><span style=\"font-family: georgia, palatino, serif; font-size: 14pt; color: #000000;\">Sosyal Medyada Bizden Haberler<\/span><\/h3>\n<p data-path-to-node=\"17\"><span style=\"font-family: georgia, palatino, serif; font-size: 14pt; color: #000000;\">Okulumuzdaki t\u00fcm bu heyecan verici geli\u015fmeleri takip etmek ve desteklemek i\u00e7in sosyal medyada bizi izlemeyi unutmay\u0131n! Uygulamalar\u0131m\u0131z\u0131 <b data-path-to-node=\"17\" data-index-in-node=\"136\">#S\u0131f\u0131rAt\u0131k<\/b> ve <b data-path-to-node=\"17\" data-index-in-node=\"150\">#Ye\u015filVatan<\/b> etiketleriyle payla\u015farak dijital g\u00f6r\u00fcn\u00fcrl\u00fc\u011f\u00fcm\u00fcz\u00fc art\u0131r\u0131yoruz.<\/span><\/p>\n<p data-path-to-node=\"18\"><span style=\"font-family: georgia, palatino, serif; font-size: 14pt; color: #000000;\"><b data-path-to-node=\"18\" data-index-in-node=\"0\">Gelecek bizim elimizde!<\/b><\/span><\/p>\n","protected":false},"excerpt":{"rendered":"<p>Do\u011faya S\u00f6z Veriyoruz: At\u0131klar\u0131 De\u011fere D\u00f6n\u00fc\u015ft\u00fcr\u00fcyoruz Nisan ay\u0131 boyunca sadece at\u0131klar\u0131 ayr\u0131\u015ft\u0131rm\u0131yor, onlar\u0131 yeniden hayata kazand\u0131r\u0131yoruz. 22 Nisan D\u00fcnya G\u00fcn\u00fc: \u0130klim \u0130\u00e7in El Ele D\u00fcnya \u00fczerindeki ortak evimizi korumak i\u00e7in 22 Nisan D\u00fcnya G\u00fcn\u00fc&lsquo;nde fark\u0131ndal\u0131k etkinlikleri d\u00fczenliyoruz. \u00c7evre ve \u0130klim [&hellip;]<\/p>\n","protected":false},"author":88,"featured_media":64773,"comment_status":"open","ping_status":"open","sticky":false,"template":"","format":"gallery","meta":{"_monsterinsights_skip_tracking":false,"_monsterinsights_sitenote_active":false,"_monsterinsights_sitenote_note":"","_monsterinsights_sitenote_category":0,"footnotes":""},"categories":[400,425],"tags":[],"class_list":["post-64764","post","type-post","status-publish","format-gallery","has-post-thumbnail","hentry","category-general","category-slayt","post_format-post-format-gallery"],"_links":{"self":[{"href":"https:\/\/www.sp.k12.tr\/fr\/wp-json\/wp\/v2\/posts\/64764","targetHints":{"allow":["GET"]}}],"collection":[{"href":"https:\/\/www.sp.k12.tr\/fr\/wp-json\/wp\/v2\/posts"}],"about":[{"href":"https:\/\/www.sp.k12.tr\/fr\/wp-json\/wp\/v2\/types\/post"}],"author":[{"embeddable":true,"href":"https:\/\/www.sp.k12.tr\/fr\/wp-json\/wp\/v2\/users\/88"}],"replies":[{"embeddable":true,"href":"https:\/\/www.sp.k12.tr\/fr\/wp-json\/wp\/v2\/comments?post=64764"}],"version-history":[{"count":1,"href":"https:\/\/www.sp.k12.tr\/fr\/wp-json\/wp\/v2\/posts\/64764\/revisions"}],"predecessor-version":[{"id":64775,"href":"https:\/\/www.sp.k12.tr\/fr\/wp-json\/wp\/v2\/posts\/64764\/revisions\/64775"}],"wp:featuredmedia":[{"embeddable":true,"href":"https:\/\/www.sp.k12.tr\/fr\/wp-json\/wp\/v2\/media\/64773"}],"wp:attachment":[{"href":"https:\/\/www.sp.k12.tr\/fr\/wp-json\/wp\/v2\/media?parent=64764"}],"wp:term":[{"taxonomy":"category","embeddable":true,"href":"https:\/\/www.sp.k12.tr\/fr\/wp-json\/wp\/v2\/categories?post=64764"},{"taxonomy":"post_tag","embeddable":true,"href":"https:\/\/www.sp.k12.tr\/fr\/wp-json\/wp\/v2\/tags?post=64764"}],"curies":[{"name":"wp","href":"https:\/\/api.w.org\/{rel}","templated":true}]}}