{"id":63903,"date":"2025-11-28T15:37:41","date_gmt":"2025-11-28T12:37:41","guid":{"rendered":"https:\/\/www.sp.k12.tr\/kentsel-bellegin-izinde-sanat-galata-bienal-gezisiyle-teoriden-yerinde-deneyime\/"},"modified":"2025-11-28T16:16:16","modified_gmt":"2025-11-28T13:16:16","slug":"kentsel-bellegin-izinde-sanat-galata-bienal-gezisiyle-teoriden-yerinde-deneyime","status":"publish","type":"post","link":"https:\/\/www.sp.k12.tr\/fr\/kentsel-bellegin-izinde-sanat-galata-bienal-gezisiyle-teoriden-yerinde-deneyime\/","title":{"rendered":"L&rsquo;Art sur les Traces de la M\u00e9moire Urbaine : De la Th\u00e9orie \u00e0 l&rsquo;Exp\u00e9rience sur le Terrain par la Visite de la Biennale de Galata."},"content":{"rendered":"<p data-path-to-node=\"2\"><span style=\"font-family: georgia, palatino, serif; font-size: 14pt;\">La visite \u00e0 Elhamra Han, au Jardin de l\u2019Ancien Orphelinat Fran\u00e7ais et \u00e0 l\u2019\u00c9cole Grecque de Galata a offert \u00e0 nos \u00e9l\u00e8ves une exp\u00e9rience artistique compl\u00e8te, centr\u00e9e sur des th\u00e8mes tels que l\u2019auto-pr\u00e9servation, les futurs possibles, la m\u00e9moire collective et urbaine, ainsi que l\u2019identit\u00e9 et la diversit\u00e9 culturelle. Ils ont ainsi pu explorer des \u0153uvres portant sur les transformations culturelles et sociales, les crises contemporaines, les migrations et les pratiques de r\u00e9silience. Tout au long de la visite, nos \u00e9l\u00e8ves ont \u00e9tudi\u00e9 de mani\u00e8re approfondie les \u0153uvres expos\u00e9es \u00e0 l\u2019aide de fiches p\u00e9dagogiques pr\u00e9par\u00e9es pour eux. Ils ont observ\u00e9 comment les artistes abordent les questions d\u2019identit\u00e9, de corps et de genre, comment ils r\u00e9pondent aux probl\u00e9matiques de migration et de d\u00e9placements, et comment ils explorent la m\u00e9moire collective et les transformations urbaines. En parcourant les trois sites de la Biennale, ils ont pu exp\u00e9rimenter l\u2019influence de la m\u00e9moire des lieux sur la cr\u00e9ation artistique. Ils ont interpr\u00e9t\u00e9 les \u0153uvres \u00e0 la fois sur le plan esth\u00e9tique et conceptuel et ont r\u00e9alis\u00e9 des travaux visant \u00e0 d\u00e9velopper leur capacit\u00e9 \u00e0 r\u00e9fl\u00e9chir de mani\u00e8re critique aux questions soulev\u00e9es par l\u2019art contemporain.<\/span><\/p>\n<p><span style=\"font-family: georgia, palatino, serif; font-size: 14pt;\">Cette sortie a \u00e9t\u00e9 planifi\u00e9e afin de permettre aux \u00e9l\u00e8ves d\u2019exp\u00e9rimenter sur place le lien entre l\u2019art et la soci\u00e9t\u00e9. Les concepts th\u00e9oriques abord\u00e9s en classe trouvent ainsi leur correspondance concr\u00e8te dans l\u2019environnement des mus\u00e9es et de la Biennale. L\u2019objectif \u00e9tait que les \u00e9l\u00e8ves d\u00e9couvrent des approches artistiques contemporaines dans un contexte international et observent comment l\u2019art peut r\u00e9pondre aux enjeux sociaux et urbains.\u00a0Les \u00e9l\u00e8ves ont pu d\u00e9velopper leur pens\u00e9e critique et leurs comp\u00e9tences d\u2019analyse, tout en exp\u00e9rimentant l\u2019art comme espace de discussion et d\u2019expression. Cette visite s\u2019inscrit comme une extension naturelle des cours d\u2019arts visuels et d\u2019histoire de l\u2019art, offrant aux \u00e9l\u00e8ves la possibilit\u00e9 d\u2019interagir directement avec l\u2019art contemporain. Elle leur a permis de mieux conna\u00eetre les lieux culturels d\u2019Istanbul, de renforcer leur sensibilit\u00e9 artistique et sociale et de relier leur cr\u00e9ativit\u00e9 \u00e0 la vie quotidienne.<\/span><\/p>\n","protected":false},"excerpt":{"rendered":"<p>La visite \u00e0 Elhamra Han, au Jardin de l\u2019Ancien Orphelinat Fran\u00e7ais et \u00e0 l\u2019\u00c9cole Grecque de Galata a offert \u00e0 nos \u00e9l\u00e8ves une exp\u00e9rience artistique compl\u00e8te, centr\u00e9e sur des th\u00e8mes tels que l\u2019auto-pr\u00e9servation, les futurs possibles, la m\u00e9moire collective et [&hellip;]<\/p>\n","protected":false},"author":88,"featured_media":63893,"comment_status":"open","ping_status":"open","sticky":false,"template":"","format":"gallery","meta":{"_monsterinsights_skip_tracking":false,"_monsterinsights_sitenote_active":false,"_monsterinsights_sitenote_note":"","_monsterinsights_sitenote_category":0,"footnotes":""},"categories":[51,470,400,425,58],"tags":[],"class_list":["post-63903","post","type-post","status-publish","format-gallery","has-post-thumbnail","hentry","category-art-au-lycee","category-egitim-gezileri-fr","category-general","category-slayt","category-voyages-et-sorties","post_format-post-format-gallery"],"_links":{"self":[{"href":"https:\/\/www.sp.k12.tr\/fr\/wp-json\/wp\/v2\/posts\/63903","targetHints":{"allow":["GET"]}}],"collection":[{"href":"https:\/\/www.sp.k12.tr\/fr\/wp-json\/wp\/v2\/posts"}],"about":[{"href":"https:\/\/www.sp.k12.tr\/fr\/wp-json\/wp\/v2\/types\/post"}],"author":[{"embeddable":true,"href":"https:\/\/www.sp.k12.tr\/fr\/wp-json\/wp\/v2\/users\/88"}],"replies":[{"embeddable":true,"href":"https:\/\/www.sp.k12.tr\/fr\/wp-json\/wp\/v2\/comments?post=63903"}],"version-history":[{"count":0,"href":"https:\/\/www.sp.k12.tr\/fr\/wp-json\/wp\/v2\/posts\/63903\/revisions"}],"wp:featuredmedia":[{"embeddable":true,"href":"https:\/\/www.sp.k12.tr\/fr\/wp-json\/wp\/v2\/media\/63893"}],"wp:attachment":[{"href":"https:\/\/www.sp.k12.tr\/fr\/wp-json\/wp\/v2\/media?parent=63903"}],"wp:term":[{"taxonomy":"category","embeddable":true,"href":"https:\/\/www.sp.k12.tr\/fr\/wp-json\/wp\/v2\/categories?post=63903"},{"taxonomy":"post_tag","embeddable":true,"href":"https:\/\/www.sp.k12.tr\/fr\/wp-json\/wp\/v2\/tags?post=63903"}],"curies":[{"name":"wp","href":"https:\/\/api.w.org\/{rel}","templated":true}]}}