{"id":62315,"date":"2025-06-18T09:37:40","date_gmt":"2025-06-18T06:37:40","guid":{"rendered":"https:\/\/www.sp.k12.tr\/?p=62315"},"modified":"2025-06-19T12:00:36","modified_gmt":"2025-06-19T09:00:36","slug":"medyatek-rallisi-fransiz-kulturune-canli-bir-yolculuk","status":"publish","type":"post","link":"https:\/\/www.sp.k12.tr\/fr\/medyatek-rallisi-fransiz-kulturune-canli-bir-yolculuk\/","title":{"rendered":"Rallye de la M\u00e9diath\u00e8que : Une immersion vivante dans la culture fran\u00e7aise"},"content":{"rendered":"<p><span style=\"font-family: garamond, 'times new roman', serif; font-size: 14pt;\">Comme chaque fin d\u2019ann\u00e9e, nos \u00e9l\u00e8ves de classe pr\u00e9paratoire ont eu la chance de sortir de l\u2019enceinte de l\u2019\u00e9cole pour une d\u00e9couverte culturelle enrichissante<span class=\"gmail_default\">:<\/span>: la M\u00e9diath\u00e8que de l\u2019Institut Fran\u00e7ais !<\/span><\/p>\n<p><span style=\"font-family: garamond, 'times new roman', serif; font-size: 14pt;\">Ce lieu embl\u00e9matique de la culture francophone a accueilli nos \u00e9l\u00e8ves pour un\u00a0<em>rallye<\/em>\u00a0original et interactif. \u00c0 travers ce jeu de piste culturel, ils ont mis en pratique les termes appris\u00a0<span class=\"gmail_default\">en cours de fran\u00e7ais-m\u00e9diatheque\u00a0<\/span>tout au long de l\u2019ann\u00e9e, en fran\u00e7ais bien s\u00fbr, dans un contexte r\u00e9el et motivant.<\/span><\/p>\n<p><span style=\"font-family: garamond, 'times new roman', serif; font-size: 14pt;\">R\u00e9partis en petits groupes, ils ont explor\u00e9 les diff\u00e9rents espaces de la m\u00e9diath\u00e8que, \u00e9chang\u00e9 avec les responsables sur le fonctionnement du lieu, et particip\u00e9 \u00e0 des activit\u00e9s ludiques autour des livres, films et musiques francophones. Une fa\u00e7on vivante de d\u00e9couvrir\u00a0<span class=\"gmail_default\">les documents francophones<\/span>, mais aussi de s\u2019approprier un nouvel espace culturel.<\/span><\/p>\n<p><span style=\"font-family: garamond, 'times new roman', serif; font-size: 14pt;\">Au-del\u00e0 de l\u2019apprentissage de la langue, ce moment a permis \u00e0 nos \u00e9l\u00e8ves de prendre confiance en eux, de s\u2019exprimer en fran\u00e7ais dans un cadre authentique et de s\u2019ouvrir encore un peu plus \u00e0 une autre culture.<\/span><\/p>\n<p><span style=\"font-family: garamond, 'times new roman', serif; font-size: 14pt;\">Une belle mani\u00e8re de cl\u00f4turer\u00a0<span class=\"gmail_default\">cette\u00a0<\/span>ann\u00e9e\u00a0<span class=\"gmail_default\">de pr\u00e9paration\u00a0<\/span>en beaut\u00e9 et en immersion !<\/span><\/p>\n","protected":false},"excerpt":{"rendered":"<p>Comme chaque fin d\u2019ann\u00e9e, nos \u00e9l\u00e8ves de classe pr\u00e9paratoire ont eu la chance de sortir de l\u2019enceinte de l\u2019\u00e9cole pour une d\u00e9couverte culturelle enrichissante:: la M\u00e9diath\u00e8que de l\u2019Institut Fran\u00e7ais ! Ce lieu embl\u00e9matique de la culture francophone a accueilli nos [&hellip;]<\/p>\n","protected":false},"author":88,"featured_media":62316,"comment_status":"open","ping_status":"open","sticky":false,"template":"","format":"standard","meta":{"_monsterinsights_skip_tracking":false,"_monsterinsights_sitenote_active":false,"_monsterinsights_sitenote_note":"","_monsterinsights_sitenote_category":0,"footnotes":""},"categories":[400,425],"tags":[],"class_list":["post-62315","post","type-post","status-publish","format-standard","has-post-thumbnail","hentry","category-general","category-slayt"],"_links":{"self":[{"href":"https:\/\/www.sp.k12.tr\/fr\/wp-json\/wp\/v2\/posts\/62315","targetHints":{"allow":["GET"]}}],"collection":[{"href":"https:\/\/www.sp.k12.tr\/fr\/wp-json\/wp\/v2\/posts"}],"about":[{"href":"https:\/\/www.sp.k12.tr\/fr\/wp-json\/wp\/v2\/types\/post"}],"author":[{"embeddable":true,"href":"https:\/\/www.sp.k12.tr\/fr\/wp-json\/wp\/v2\/users\/88"}],"replies":[{"embeddable":true,"href":"https:\/\/www.sp.k12.tr\/fr\/wp-json\/wp\/v2\/comments?post=62315"}],"version-history":[{"count":0,"href":"https:\/\/www.sp.k12.tr\/fr\/wp-json\/wp\/v2\/posts\/62315\/revisions"}],"wp:featuredmedia":[{"embeddable":true,"href":"https:\/\/www.sp.k12.tr\/fr\/wp-json\/wp\/v2\/media\/62316"}],"wp:attachment":[{"href":"https:\/\/www.sp.k12.tr\/fr\/wp-json\/wp\/v2\/media?parent=62315"}],"wp:term":[{"taxonomy":"category","embeddable":true,"href":"https:\/\/www.sp.k12.tr\/fr\/wp-json\/wp\/v2\/categories?post=62315"},{"taxonomy":"post_tag","embeddable":true,"href":"https:\/\/www.sp.k12.tr\/fr\/wp-json\/wp\/v2\/tags?post=62315"}],"curies":[{"name":"wp","href":"https:\/\/api.w.org\/{rel}","templated":true}]}}