{"id":62187,"date":"2025-06-10T15:53:43","date_gmt":"2025-06-10T12:53:43","guid":{"rendered":"https:\/\/www.sp.k12.tr\/?p=62187"},"modified":"2025-06-19T10:17:49","modified_gmt":"2025-06-19T07:17:49","slug":"62187","status":"publish","type":"post","link":"https:\/\/www.sp.k12.tr\/fr\/62187\/","title":{"rendered":"Les \u00e9l\u00e8ves de 9e ann\u00e9e r\u00e9fl\u00e9chissent \u00e0 leur plan de carri\u00e8re&#8230;"},"content":{"rendered":"<p><span style=\"font-family: georgia, palatino, serif; font-size: 14pt;\">Le th\u00e8me de la planification de carri\u00e8re, propos\u00e9 par le service d\u2019orientation et de conseil psychologique, a \u00e9t\u00e9 d\u00e9velopp\u00e9 \u00e0 travers la pr\u00e9sentation \u00ab Facteurs affectant le choix de la profession \u00bb, l\u2019activit\u00e9 \u00ab Roue de d\u00e9cision de carri\u00e8re \u00bb, l\u2019application \u00ab Inventaire des tendances professionnelles \u00bb, un s\u00e9minaire en ligne intitul\u00e9 \u00ab Comment obtenir une profession et le d\u00e9veloppement des jeunes pour r\u00e9ussir dans la profession \u00bb, destin\u00e9 \u00e0 expliquer comment les parents peuvent soutenir les \u00e9l\u00e8ves dans ce processus, ainsi que la conf\u00e9rence \u00ab G\u00e9rer votre carri\u00e8re depuis les rangs du lyc\u00e9e \u00bb.<\/span><\/p>\n<p><span style=\"font-family: georgia, palatino, serif; font-size: 14pt;\">Les facteurs influen\u00e7ant le choix d\u2019une profession \u2014 tels que les talents, les int\u00e9r\u00eats, les traits de personnalit\u00e9, les valeurs, les exp\u00e9riences scolaires, les sources d\u2019information fiables et les premi\u00e8res exp\u00e9riences professionnelles \u2014 sont des \u00e9l\u00e9ments essentiels que nos \u00e9l\u00e8ves doivent consid\u00e9rer durant leurs ann\u00e9es de lyc\u00e9e. Le choix d\u2019un domaine ou d\u2019une profession constitue un processus de d\u00e9cision majeur, aux r\u00e9percussions durables sur la vie d\u2019une personne. Dans ce contexte, apprendre \u00e0 bien se conna\u00eetre, identifier ses forces et ses axes d\u2019am\u00e9lioration, explorer diff\u00e9rents secteurs d\u2019activit\u00e9, exp\u00e9rimenter concr\u00e8tement certains m\u00e9tiers si possible, et \u00e9changer avec des professionnels ayant atteint un certain statut peuvent aider les \u00e9l\u00e8ves \u00e0 faire des choix \u00e9clair\u00e9s et solides pour leur avenir.<\/span><\/p>\n<p><span style=\"font-family: georgia, palatino, serif; font-size: 14pt;\">Dans le but de soutenir nos \u00e9l\u00e8ves dans cette d\u00e9marche, le service d\u2019orientation du lyc\u00e9e Sainte Pulch\u00e9rie a organis\u00e9 une conf\u00e9rence intitul\u00e9e \u00ab G\u00e9rer votre carri\u00e8re depuis les rangs du lyc\u00e9e \u00bb, donn\u00e9e aux \u00e9l\u00e8ves de 9e ann\u00e9e par Mme \u00d6zge Alyu, responsable du d\u00e9veloppement individuel et acad\u00e9mique \u00e0 l\u2019Universit\u00e9 Yeditepe, le vendredi 30 mai, durant les 7e et 8e p\u00e9riodes de cours.<\/span><\/p>\n<p><span style=\"font-family: georgia, palatino, serif; font-size: 14pt;\">Au cours de cette conf\u00e9rence, Mme Alyu a mis en lumi\u00e8re le d\u00e9but du parcours professionnel des \u00e9l\u00e8ves, l\u2019importance de choisir un domaine en ad\u00e9quation avec soi-m\u00eame, la n\u00e9cessit\u00e9 de planifier sa carri\u00e8re de mani\u00e8re r\u00e9fl\u00e9chie et opportune. Elle a \u00e9galement partag\u00e9 les r\u00e9sultats d\u2019une \u00e9tude de la soci\u00e9t\u00e9 de recherche Universium, concernant les attentes professionnelles des jeunes en Turquie et dans le monde, les cat\u00e9gories de carri\u00e8res les plus en vue, les caract\u00e9ristiques de ces domaines, les comp\u00e9tences attendues par le monde professionnel et le taux d\u2019ad\u00e9quation des jeunes dipl\u00f4m\u00e9s \u00e0 ces attentes. Elle a pr\u00e9sent\u00e9 des informations pr\u00e9cieuses sur les nouvelles \u00e9tapes des entretiens d\u2019embauche, ainsi que sur les comp\u00e9tences cl\u00e9s \u00e0 d\u00e9velopper, telles que la r\u00e9solution de probl\u00e8mes, la cr\u00e9ativit\u00e9, la prise de d\u00e9cision, notamment en lien avec l\u2019intelligence artificielle.<\/span><\/p>\n<p><span style=\"font-family: georgia, palatino, serif; font-size: 14pt;\">Elle a \u00e9galement soulign\u00e9 l\u2019importance de transformer ses talents en comp\u00e9tences concr\u00e8tes gr\u00e2ce \u00e0 l\u2019exp\u00e9rience et \u00e0 l\u2019apprentissage, d\u2019acqu\u00e9rir d\u00e8s le lyc\u00e9e les comp\u00e9tences n\u00e9cessaires pour entrer dans la vie professionnelle, de d\u00e9velopper un r\u00e9seau relationnel propice \u00e0 l\u2019\u00e9volution de ces comp\u00e9tences, de savoir tirer parti des plateformes de mise en r\u00e9seau, et de cr\u00e9er une identit\u00e9 num\u00e9rique coh\u00e9rente et pertinente sur les m\u00e9dias sociaux.<\/span><\/p>\n<p><span style=\"font-family: georgia, palatino, serif; font-size: 14pt;\">Nous esp\u00e9rons que cette conf\u00e9rence a \u00e9t\u00e9 b\u00e9n\u00e9fique pour nos \u00e9l\u00e8ves, et nous remercions chaleureusement Mme \u00d6zge Alyu d\u2019avoir partag\u00e9 avec nous son expertise et ses conseils pr\u00e9cieux.<\/span><\/p>\n","protected":false},"excerpt":{"rendered":"<p>Le th\u00e8me de la planification de carri\u00e8re, propos\u00e9 par le service d\u2019orientation et de conseil psychologique, a \u00e9t\u00e9 d\u00e9velopp\u00e9 \u00e0 travers la pr\u00e9sentation \u00ab Facteurs affectant le choix de la profession \u00bb, l\u2019activit\u00e9 \u00ab Roue de d\u00e9cision de carri\u00e8re \u00bb, [&hellip;]<\/p>\n","protected":false},"author":88,"featured_media":62312,"comment_status":"open","ping_status":"open","sticky":false,"template":"","format":"standard","meta":{"_monsterinsights_skip_tracking":false,"_monsterinsights_sitenote_active":false,"_monsterinsights_sitenote_note":"","_monsterinsights_sitenote_category":0,"footnotes":""},"categories":[400,140,425],"tags":[],"class_list":["post-62187","post","type-post","status-publish","format-standard","has-post-thumbnail","hentry","category-general","category-orientation","category-slayt"],"_links":{"self":[{"href":"https:\/\/www.sp.k12.tr\/fr\/wp-json\/wp\/v2\/posts\/62187","targetHints":{"allow":["GET"]}}],"collection":[{"href":"https:\/\/www.sp.k12.tr\/fr\/wp-json\/wp\/v2\/posts"}],"about":[{"href":"https:\/\/www.sp.k12.tr\/fr\/wp-json\/wp\/v2\/types\/post"}],"author":[{"embeddable":true,"href":"https:\/\/www.sp.k12.tr\/fr\/wp-json\/wp\/v2\/users\/88"}],"replies":[{"embeddable":true,"href":"https:\/\/www.sp.k12.tr\/fr\/wp-json\/wp\/v2\/comments?post=62187"}],"version-history":[{"count":0,"href":"https:\/\/www.sp.k12.tr\/fr\/wp-json\/wp\/v2\/posts\/62187\/revisions"}],"wp:featuredmedia":[{"embeddable":true,"href":"https:\/\/www.sp.k12.tr\/fr\/wp-json\/wp\/v2\/media\/62312"}],"wp:attachment":[{"href":"https:\/\/www.sp.k12.tr\/fr\/wp-json\/wp\/v2\/media?parent=62187"}],"wp:term":[{"taxonomy":"category","embeddable":true,"href":"https:\/\/www.sp.k12.tr\/fr\/wp-json\/wp\/v2\/categories?post=62187"},{"taxonomy":"post_tag","embeddable":true,"href":"https:\/\/www.sp.k12.tr\/fr\/wp-json\/wp\/v2\/tags?post=62187"}],"curies":[{"name":"wp","href":"https:\/\/api.w.org\/{rel}","templated":true}]}}