{"id":61223,"date":"2024-12-20T16:46:19","date_gmt":"2024-12-20T13:46:19","guid":{"rendered":"https:\/\/www.sp.k12.tr\/fransiz-baskonsolu-hanimefendinin-sainte-pulcherie-lisesine-ziyareti\/"},"modified":"2024-12-20T16:53:04","modified_gmt":"2024-12-20T13:53:04","slug":"fransiz-baskonsolu-hanimefendinin-sainte-pulcherie-lisesine-ziyareti","status":"publish","type":"post","link":"https:\/\/www.sp.k12.tr\/fr\/fransiz-baskonsolu-hanimefendinin-sainte-pulcherie-lisesine-ziyareti\/","title":{"rendered":"Visite de Madame la Consule g\u00e9n\u00e9rale de France au lyc\u00e9e Sainte Pulch\u00e9rie"},"content":{"rendered":"<p>Aujourd\u2019hui, vendredi 20 d\u00e9cembre, nous avons eu l\u2019honneur de recevoir dans notre \u00e9tablissement Madame Nadia Fanton, Consule g\u00e9n\u00e9rale de France \u00e0 Istanbul ainsi que Monsieur Xavier Wasson, Attach\u00e9 de coop\u00e9ration \u00e9ducative. Cette rencontre fut l\u2019occasion pour nos invit\u00e9s de d\u00e9couvrir notre lyc\u00e9e et de faire connaissance avec les membres du Conseil de direction dans un premier temps puis avec nos \u00e9l\u00e8ves d\u00e9l\u00e9gu\u00e9s avant de rencontrer l\u2019ensemble des professeurs dans la salle de spectacle. L\u2019ensemble de la communaut\u00e9 \u00e9ducative de Sainte Pulch\u00e9rie ainsi que nos \u00e9l\u00e8ves par l\u2019interm\u00e9diaire de leurs d\u00e9l\u00e9gu\u00e9s ont pu \u00e9changer avec nos invit\u00e9s dans un cadre convivial. Cette visite s\u2019est conclue par la participation de Madame Nadia Fanton \u00e0 une \u00e9mission de radio pr\u00e9par\u00e9e par trois de nos \u00e9l\u00e8ves (Deniz Ba\u015fat, \u0130pek K\u0131l\u0131\u00e7 et Bora Ko\u00e7ak) dans le studio radio de notre \u00e9tablissement. Nous remercions infiniment Madame Nadia Fanton et Monsieur Xavier Wasson de leur visite dans notre lyc\u00e9e.<\/p>\n","protected":false},"excerpt":{"rendered":"<p>Aujourd\u2019hui, vendredi 20 d\u00e9cembre, nous avons eu l\u2019honneur de recevoir dans notre \u00e9tablissement Madame Nadia Fanton, Consule g\u00e9n\u00e9rale de France \u00e0 Istanbul ainsi que Monsieur Xavier Wasson, Attach\u00e9 de coop\u00e9ration \u00e9ducative. Cette rencontre fut l\u2019occasion pour nos invit\u00e9s de d\u00e9couvrir [&hellip;]<\/p>\n","protected":false},"author":84,"featured_media":61210,"comment_status":"closed","ping_status":"closed","sticky":false,"template":"","format":"gallery","meta":{"_monsterinsights_skip_tracking":false,"_monsterinsights_sitenote_active":false,"_monsterinsights_sitenote_note":"","_monsterinsights_sitenote_category":0,"footnotes":""},"categories":[425],"tags":[],"class_list":["post-61223","post","type-post","status-publish","format-gallery","has-post-thumbnail","hentry","category-slayt","post_format-post-format-gallery"],"_links":{"self":[{"href":"https:\/\/www.sp.k12.tr\/fr\/wp-json\/wp\/v2\/posts\/61223","targetHints":{"allow":["GET"]}}],"collection":[{"href":"https:\/\/www.sp.k12.tr\/fr\/wp-json\/wp\/v2\/posts"}],"about":[{"href":"https:\/\/www.sp.k12.tr\/fr\/wp-json\/wp\/v2\/types\/post"}],"author":[{"embeddable":true,"href":"https:\/\/www.sp.k12.tr\/fr\/wp-json\/wp\/v2\/users\/84"}],"replies":[{"embeddable":true,"href":"https:\/\/www.sp.k12.tr\/fr\/wp-json\/wp\/v2\/comments?post=61223"}],"version-history":[{"count":0,"href":"https:\/\/www.sp.k12.tr\/fr\/wp-json\/wp\/v2\/posts\/61223\/revisions"}],"wp:featuredmedia":[{"embeddable":true,"href":"https:\/\/www.sp.k12.tr\/fr\/wp-json\/wp\/v2\/media\/61210"}],"wp:attachment":[{"href":"https:\/\/www.sp.k12.tr\/fr\/wp-json\/wp\/v2\/media?parent=61223"}],"wp:term":[{"taxonomy":"category","embeddable":true,"href":"https:\/\/www.sp.k12.tr\/fr\/wp-json\/wp\/v2\/categories?post=61223"},{"taxonomy":"post_tag","embeddable":true,"href":"https:\/\/www.sp.k12.tr\/fr\/wp-json\/wp\/v2\/tags?post=61223"}],"curies":[{"name":"wp","href":"https:\/\/api.w.org\/{rel}","templated":true}]}}