{"id":60969,"date":"2024-10-08T13:43:16","date_gmt":"2024-10-08T10:43:16","guid":{"rendered":"https:\/\/www.sp.k12.tr\/?p=60969"},"modified":"2024-10-09T16:42:43","modified_gmt":"2024-10-09T13:42:43","slug":"journee-dintegration","status":"publish","type":"post","link":"https:\/\/www.sp.k12.tr\/fr\/journee-dintegration\/","title":{"rendered":"Journ\u00e9e d&rsquo;int\u00e9gration!"},"content":{"rendered":"<p>D\u00e8s les premiers jours de la rentr\u00e9e, nos cinq classes de pr\u00e9paratoires ont v\u00e9cu une journ\u00e9e riche en d\u00e9couvertes : exploration de leur classe, rencontre avec de nouveaux camarades, professeurs et familiarisation avec leur lyc\u00e9e et ses diff\u00e9rents espaces. L&rsquo;objectif du cycle d&rsquo;int\u00e9gration est de les accompagner tout au long de cette p\u00e9riode afin de faciliter leur adaptation \u00e0 leur nouvelle \u00e9cole.<br \/>\nLes enseignants des classes pr\u00e9paratoires ont encadr\u00e9 les \u00e9l\u00e8ves avec enthousiasme durant cette premi\u00e8re journ\u00e9e. Quatre ateliers ont \u00e9t\u00e9 organis\u00e9s par l&rsquo;\u00e9quipe p\u00e9dagogique pour aider les \u00e9l\u00e8ves \u00e0 se sentir \u00e0 l&rsquo;aise et \u00e0 mieux s&rsquo;orienter :<\/p>\n<ul>\n<li>Atelier de jeux coop\u00e9ratifs<\/li>\n<\/ul>\n<p>&nbsp;<\/p>\n<ul>\n<li>Atelier de th\u00e9\u00e2tre<\/li>\n<\/ul>\n<p>&nbsp;<\/p>\n<ul>\n<li>Atelier m\u00e9thodologique<\/li>\n<\/ul>\n<p>&nbsp;<\/p>\n<ul>\n<li>Atelier de pr\u00e9sentation<\/li>\n<\/ul>\n<p>&nbsp;<\/p>\n<p>Un tour complet du lyc\u00e9e a \u00e9galement \u00e9t\u00e9 organis\u00e9 en visitant les bureaux administratifs, la caf\u00e9t\u00e9ria, la LaboSPh\u00e8re, la salle de sport, la radio, le th\u00e9\u00e2tre, et bien d&rsquo;autres espaces encore. Rapidement, chacun sera parfaitement familier avec ces lieux !<\/p>\n","protected":false},"excerpt":{"rendered":"<p>D\u00e8s les premiers jours de la rentr\u00e9e, nos cinq classes de pr\u00e9paratoires ont v\u00e9cu une journ\u00e9e riche en d\u00e9couvertes : exploration de leur classe, rencontre avec de nouveaux camarades, professeurs et familiarisation avec leur lyc\u00e9e et ses diff\u00e9rents espaces. L&rsquo;objectif [&hellip;]<\/p>\n","protected":false},"author":84,"featured_media":60929,"comment_status":"closed","ping_status":"closed","sticky":false,"template":"","format":"gallery","meta":{"_monsterinsights_skip_tracking":false,"_monsterinsights_sitenote_active":false,"_monsterinsights_sitenote_note":"","_monsterinsights_sitenote_category":0,"footnotes":""},"categories":[425],"tags":[],"class_list":["post-60969","post","type-post","status-publish","format-gallery","has-post-thumbnail","hentry","category-slayt","post_format-post-format-gallery"],"_links":{"self":[{"href":"https:\/\/www.sp.k12.tr\/fr\/wp-json\/wp\/v2\/posts\/60969","targetHints":{"allow":["GET"]}}],"collection":[{"href":"https:\/\/www.sp.k12.tr\/fr\/wp-json\/wp\/v2\/posts"}],"about":[{"href":"https:\/\/www.sp.k12.tr\/fr\/wp-json\/wp\/v2\/types\/post"}],"author":[{"embeddable":true,"href":"https:\/\/www.sp.k12.tr\/fr\/wp-json\/wp\/v2\/users\/84"}],"replies":[{"embeddable":true,"href":"https:\/\/www.sp.k12.tr\/fr\/wp-json\/wp\/v2\/comments?post=60969"}],"version-history":[{"count":0,"href":"https:\/\/www.sp.k12.tr\/fr\/wp-json\/wp\/v2\/posts\/60969\/revisions"}],"wp:featuredmedia":[{"embeddable":true,"href":"https:\/\/www.sp.k12.tr\/fr\/wp-json\/wp\/v2\/media\/60929"}],"wp:attachment":[{"href":"https:\/\/www.sp.k12.tr\/fr\/wp-json\/wp\/v2\/media?parent=60969"}],"wp:term":[{"taxonomy":"category","embeddable":true,"href":"https:\/\/www.sp.k12.tr\/fr\/wp-json\/wp\/v2\/categories?post=60969"},{"taxonomy":"post_tag","embeddable":true,"href":"https:\/\/www.sp.k12.tr\/fr\/wp-json\/wp\/v2\/tags?post=60969"}],"curies":[{"name":"wp","href":"https:\/\/api.w.org\/{rel}","templated":true}]}}