{"id":59926,"date":"2024-04-29T15:08:14","date_gmt":"2024-04-29T12:08:14","guid":{"rendered":"https:\/\/www.sp.k12.tr\/9-sinif-ogrencileri-kariyer-planlama-uzerine-dusunuyor\/"},"modified":"2024-04-29T15:13:20","modified_gmt":"2024-04-29T12:13:20","slug":"9-sinif-ogrencileri-kariyer-planlama-uzerine-dusunuyor","status":"publish","type":"post","link":"https:\/\/www.sp.k12.tr\/fr\/9-sinif-ogrencileri-kariyer-planlama-uzerine-dusunuyor\/","title":{"rendered":"Les \u00e9l\u00e8ves de classe de 9\u00e8me r\u00e9fl\u00e9chissent \u00e0 la planification de carri\u00e8re&#8230;"},"content":{"rendered":"<div>\u00a0<\/div>\n<div>\n<div class=\"gmail_default\">\n<div>\n<p><span lang=\"FR-FR\">Durant le deuxi\u00e8me semestre, les \u00e9l\u00e8ves des classes de 9\u00e8me ont particip\u00e9 \u00e0 divers \u00e9v\u00e9nements autour\u00a0du\u00a0th\u00e8me de la planification de carri\u00e8re.\u00a0Ces \u00e9v\u00e9nements organis\u00e9s par le\u00a0Service d&rsquo;orientation et de\u00a0soutien\u00a0psychologique\u00a0ont\u00a0\u00e9t\u00e9\u00a0compl\u00e9t\u00e9s\u00a0par la conf\u00e9rence \u00ab G\u00e9rez votre carri\u00e8re\u00a0d\u00e8s\u00a0le lyc\u00e9e \u00bb apr\u00e8s la pr\u00e9sentation\u00a0\u00ab Facteurs\u00a0affectant le choix de la profession \u00bb, l&rsquo;activit\u00e9 \u00ab Roue de d\u00e9cision de carri\u00e8re \u00bb et la\u00a0pr\u00e9sentation\u00a0\u00ab Inventaire des tendances professionnelles \u00bb.\u00a0<\/span>\u00a0<\/p>\n<\/div>\n<div>\n<p>&nbsp;<\/p>\n<\/div>\n<div>\n<p><span lang=\"FR-FR\">Les facteurs affectant le choix de la profession tels que les talents, les int\u00e9r\u00eats, les traits de personnalit\u00e9, les valeurs, les exp\u00e9riences dans la vie \u00e9ducative, les sources d&rsquo;information fiables, les exp\u00e9riences professionnelles diverses sont les principales questions que nos \u00e9l\u00e8ves\u00a0devraient prendre en compte dans leurs ann\u00e9es de lyc\u00e9e avant de\u00a0se diriger vers le choix\u00a0d\u2019une profession. Parce que le choix du domaine et de la profession est un processus d\u00e9cisionnel important qui affectera toute la vie de la personne. Dans ce processus, bien se conna\u00eetre, d\u00e9terminer correctement ses forces et ses faiblesses,\u00a0effectuer\u00a0des recherches sur divers domaines commerciaux et professionnels, essayer d&rsquo;apporter une petite exp\u00e9rience dans ces domaines si possible, rencontrer des personnes qui ont atteint un certain statut dans leur profession les aidera \u00e0 prendre des mesures fermes\u00a0concernant\u00a0leur d\u00e9cision pour l&rsquo;avenir.<\/span>\u00a0<\/p>\n<\/div>\n<div>\n<p>&nbsp;<\/p>\n<\/div>\n<div>\n<p><span lang=\"FR-FR\">Afin de soutenir nos \u00e9l\u00e8ves dans leur parcours de planification de carri\u00e8re, le Service d&rsquo;orientation\u00a0et de soutien psychologique\u00a0du lyc\u00e9e Sainte Pulch\u00e9rie a organis\u00e9 une conf\u00e9rence sur le th\u00e8me \u00ab G\u00e9rez votre carri\u00e8re d\u00e8s le lyc\u00e9e \u00bb donn\u00e9e aux \u00e9l\u00e8ves de 9\u00e8me\u00a0ann\u00e9e par\u00a0\u00d6zge\u00a0ALYU, responsable du d\u00e9veloppement individuel et acad\u00e9mique de l&rsquo;Universit\u00e9\u00a0Yeditepe, le jeudi 25 avril, pendant les 5e et 6e\u00a0p\u00e9riodes\u00a0de cours.<\/span>\u00a0<\/p>\n<\/div>\n<div>\n<p>&nbsp;<\/p>\n<\/div>\n<div>\n<p><span lang=\"FR-FR\">Lors de\u00a0cette conf\u00e9rence,\u00a0l\u2019intervenante a\u00a0insist\u00e9 sur le fait que\u00a0les parcours professionnels des \u00e9l\u00e8ves\u00a0commencent\u00a0d\u00e8s le lyc\u00e9e,\u00a0de\u00a0l&rsquo;importance de choisir un domaine\u00a0ou une\u00a0profession,\u00a0de\u00a0l&rsquo;importance de se conna\u00eetre\u00a0ainsi que de\u00a0l&rsquo;importance de faire une planification de carri\u00e8re pr\u00e9cise et opportune.\u00a0Puis elle a \u00e9voqu\u00e9, en se basant sur les\u00a0r\u00e9sultats\u00a0de la soci\u00e9t\u00e9 de recherche\u00a0\u2018Universium\u2019, quelle cat\u00e9gorie de carri\u00e8re\u00a0est la plus demand\u00e9e\u00a0en fonction des attentes professionnelles des jeunes dans le monde et des jeunes en Turquie, les caract\u00e9ristiques de ces\u00a0diff\u00e9rentes\u00a0cat\u00e9gories de carri\u00e8re, les comp\u00e9tences que le monde des\u00a0affaires attend des dipl\u00f4m\u00e9s,\u00a0comment ces dipl\u00f4m\u00e9s\u00a0peuvent r\u00e9pondre \u00e0 ces exigences,\u00a0et enfin elle\u00a0a fourni des informations sur les\u00a0nouvelles techniques d\u2019entretiens d&#8217;embauche.\u00a0<\/span>\u00a0<\/p>\n<\/div>\n<div>\n<p>&nbsp;<\/p>\n<\/div>\n<div>\n<p><span lang=\"FR-FR\">En outre,\u00a0elle\u00a0a partag\u00e9 des informations importantes sur l&rsquo;importance de transformer le talent en comp\u00e9tence avec de l&rsquo;exp\u00e9rience et des connaissances, comment d\u00e9velopper les comp\u00e9tences n\u00e9cessaires pour commencer et maintenir la vie professionnelle d\u00e8s les ann\u00e9es de lyc\u00e9e, comment cr\u00e9er un r\u00e9seau pour d\u00e9velopper les comp\u00e9tences et comment b\u00e9n\u00e9ficier de ces plateformes de r\u00e9seau, et comment cr\u00e9er la bonne identit\u00e9 num\u00e9rique sur les m\u00e9dias sociaux.<\/span>\u00a0<\/p>\n<\/div>\n<div>\n<p>&nbsp;<\/p>\n<\/div>\n<div>\n<p><span lang=\"FR-FR\">Nous esp\u00e9rons que la conf\u00e9rence a \u00e9t\u00e9 b\u00e9n\u00e9fique pour nos \u00e9l\u00e8ves\u00a0et nous tenons \u00e0 remercier Mme\u00a0\u00d6zge\u00a0ALYU d&rsquo;avoir partag\u00e9 ces\u00a0pr\u00e9cieuses\u00a0informations\u00a0avec nous.<\/span><\/p>\n<\/div>\n<\/div>\n<\/div>\n","protected":false},"excerpt":{"rendered":"<p>\u00a0 Durant le deuxi\u00e8me semestre, les \u00e9l\u00e8ves des classes de 9\u00e8me ont particip\u00e9 \u00e0 divers \u00e9v\u00e9nements autour\u00a0du\u00a0th\u00e8me de la planification de carri\u00e8re.\u00a0Ces \u00e9v\u00e9nements organis\u00e9s par le\u00a0Service d&rsquo;orientation et de\u00a0soutien\u00a0psychologique\u00a0ont\u00a0\u00e9t\u00e9\u00a0compl\u00e9t\u00e9s\u00a0par la conf\u00e9rence \u00ab G\u00e9rez votre carri\u00e8re\u00a0d\u00e8s\u00a0le lyc\u00e9e \u00bb apr\u00e8s la pr\u00e9sentation\u00a0\u00ab [&hellip;]<\/p>\n","protected":false},"author":84,"featured_media":59919,"comment_status":"closed","ping_status":"closed","sticky":false,"template":"","format":"gallery","meta":{"_monsterinsights_skip_tracking":false,"_monsterinsights_sitenote_active":false,"_monsterinsights_sitenote_note":"","_monsterinsights_sitenote_category":0,"footnotes":""},"categories":[400,140,425],"tags":[],"class_list":["post-59926","post","type-post","status-publish","format-gallery","has-post-thumbnail","hentry","category-general","category-orientation","category-slayt","post_format-post-format-gallery"],"_links":{"self":[{"href":"https:\/\/www.sp.k12.tr\/fr\/wp-json\/wp\/v2\/posts\/59926","targetHints":{"allow":["GET"]}}],"collection":[{"href":"https:\/\/www.sp.k12.tr\/fr\/wp-json\/wp\/v2\/posts"}],"about":[{"href":"https:\/\/www.sp.k12.tr\/fr\/wp-json\/wp\/v2\/types\/post"}],"author":[{"embeddable":true,"href":"https:\/\/www.sp.k12.tr\/fr\/wp-json\/wp\/v2\/users\/84"}],"replies":[{"embeddable":true,"href":"https:\/\/www.sp.k12.tr\/fr\/wp-json\/wp\/v2\/comments?post=59926"}],"version-history":[{"count":0,"href":"https:\/\/www.sp.k12.tr\/fr\/wp-json\/wp\/v2\/posts\/59926\/revisions"}],"wp:featuredmedia":[{"embeddable":true,"href":"https:\/\/www.sp.k12.tr\/fr\/wp-json\/wp\/v2\/media\/59919"}],"wp:attachment":[{"href":"https:\/\/www.sp.k12.tr\/fr\/wp-json\/wp\/v2\/media?parent=59926"}],"wp:term":[{"taxonomy":"category","embeddable":true,"href":"https:\/\/www.sp.k12.tr\/fr\/wp-json\/wp\/v2\/categories?post=59926"},{"taxonomy":"post_tag","embeddable":true,"href":"https:\/\/www.sp.k12.tr\/fr\/wp-json\/wp\/v2\/tags?post=59926"}],"curies":[{"name":"wp","href":"https:\/\/api.w.org\/{rel}","templated":true}]}}