{"id":59907,"date":"2024-04-26T11:04:35","date_gmt":"2024-04-26T08:04:35","guid":{"rendered":"https:\/\/www.sp.k12.tr\/euromad-2024-basladi\/"},"modified":"2024-04-26T11:05:26","modified_gmt":"2024-04-26T08:05:26","slug":"euromad-2024-basladi","status":"publish","type":"post","link":"https:\/\/www.sp.k12.tr\/fr\/euromad-2024-basladi\/","title":{"rendered":"Euromad 2024, c\u2019est parti !"},"content":{"rendered":"<p><b>Mercredi 24 Avril<\/b><span style=\"font-weight: 400;\">\u00a0<\/span><\/p>\n<p><span style=\"font-weight: 400;\">Apr\u00e8s une journ\u00e9e de voyage sans probl\u00e8me, Madrid a su nous accueillir d\u00e8s notre sortie de l&rsquo;a\u00e9roport. Dana et Carlota, \u00e9l\u00e8ves de Terminale au Lyc\u00e9e fran\u00e7ais de Madrid nous ont sympathiquement guid\u00e9es jusqu\u2019\u00e0 leur \u00e9cole.\u00a0<\/span><\/p>\n<p><span style=\"font-weight: 400;\">Nous avons alors d\u00e9couvert avec stup\u00e9faction un immense complexe scolaire de 4000 \u00e9l\u00e8ves entour\u00e9 de verdure et de silence.\u00a0<\/span><\/p>\n<p><span style=\"font-weight: 400;\">A 18h30, nous \u00e9tions convi\u00e9s \u00e0 un temps d\u2019accueil. Nos \u00e9l\u00e8ves ont rencontr\u00e9 leur homologue en commission. Premi\u00e8re reconnaissance avant les grands d\u00e9bats. Sont pr\u00e9sents des \u00e9l\u00e8ves d\u2019Espagne, de France, des Emirats-Arabes, de Tunisie, du Portugal, de Belgique et bien s\u00fbr de Turquie !<\/span><\/p>\n<p><span style=\"font-weight: 400;\">A 20h00, pour nous, ce sera la d\u00e9couverte de l\u2019h\u00f4tel et notre 1er repas espagnol.\u00a0<\/span><\/p>\n<p>&nbsp;<\/p>\n<p><b>Jeudi 25 Avril<\/b><\/p>\n<p><span style=\"font-weight: 400;\">Apr\u00e8s un petit d\u00e9jeuner dans les jardins de l\u2019\u00e9cole, nous nous sommes retrouv\u00e9s dans le th\u00e9\u00e2tre pour la c\u00e9r\u00e9monie d\u2019ouverture.\u00a0<\/span><\/p>\n<p><span style=\"font-weight: 400;\">D\u2019un grand professionnalisme et dans un fran\u00e7ais de grande qualit\u00e9, tous les pr\u00e9sidents &#8211; \u00e9l\u00e8ves espagnols du Lyc\u00e9e sont intervenus pour dire leur attachement \u00e0 l\u2019Europe mais aussi avertir des nouveaux d\u00e9fis que rencontrent actuellement l\u2019Europe.\u00a0<\/span><\/p>\n<p><span style=\"font-weight: 400;\">Tout \u00e9tait dit.\u00a0<\/span><\/p>\n<p><span style=\"font-weight: 400;\">Les \u00e9l\u00e8ves se sont alors retrouv\u00e9s en commission. Les d\u00e9bats pouvaient commencer. A l\u2019heure o\u00f9 cet article est \u00e9crit, ils durent encore\u2026<\/span><\/p>\n","protected":false},"excerpt":{"rendered":"<p>Mercredi 24 Avril\u00a0 Apr\u00e8s une journ\u00e9e de voyage sans probl\u00e8me, Madrid a su nous accueillir d\u00e8s notre sortie de l&rsquo;a\u00e9roport. Dana et Carlota, \u00e9l\u00e8ves de Terminale au Lyc\u00e9e fran\u00e7ais de Madrid nous ont sympathiquement guid\u00e9es jusqu\u2019\u00e0 leur \u00e9cole.\u00a0 Nous avons [&hellip;]<\/p>\n","protected":false},"author":84,"featured_media":59900,"comment_status":"closed","ping_status":"closed","sticky":false,"template":"","format":"gallery","meta":{"_monsterinsights_skip_tracking":false,"_monsterinsights_sitenote_active":false,"_monsterinsights_sitenote_note":"","_monsterinsights_sitenote_category":0,"footnotes":""},"categories":[152,400,425],"tags":[],"class_list":["post-59907","post","type-post","status-publish","format-gallery","has-post-thumbnail","hentry","category-clubs","category-general","category-slayt","post_format-post-format-gallery"],"_links":{"self":[{"href":"https:\/\/www.sp.k12.tr\/fr\/wp-json\/wp\/v2\/posts\/59907","targetHints":{"allow":["GET"]}}],"collection":[{"href":"https:\/\/www.sp.k12.tr\/fr\/wp-json\/wp\/v2\/posts"}],"about":[{"href":"https:\/\/www.sp.k12.tr\/fr\/wp-json\/wp\/v2\/types\/post"}],"author":[{"embeddable":true,"href":"https:\/\/www.sp.k12.tr\/fr\/wp-json\/wp\/v2\/users\/84"}],"replies":[{"embeddable":true,"href":"https:\/\/www.sp.k12.tr\/fr\/wp-json\/wp\/v2\/comments?post=59907"}],"version-history":[{"count":0,"href":"https:\/\/www.sp.k12.tr\/fr\/wp-json\/wp\/v2\/posts\/59907\/revisions"}],"wp:featuredmedia":[{"embeddable":true,"href":"https:\/\/www.sp.k12.tr\/fr\/wp-json\/wp\/v2\/media\/59900"}],"wp:attachment":[{"href":"https:\/\/www.sp.k12.tr\/fr\/wp-json\/wp\/v2\/media?parent=59907"}],"wp:term":[{"taxonomy":"category","embeddable":true,"href":"https:\/\/www.sp.k12.tr\/fr\/wp-json\/wp\/v2\/categories?post=59907"},{"taxonomy":"post_tag","embeddable":true,"href":"https:\/\/www.sp.k12.tr\/fr\/wp-json\/wp\/v2\/tags?post=59907"}],"curies":[{"name":"wp","href":"https:\/\/api.w.org\/{rel}","templated":true}]}}