{"id":58466,"date":"2023-11-01T13:50:36","date_gmt":"2023-11-01T10:50:36","guid":{"rendered":"https:\/\/www.sp.k12.tr\/cumhuriyet-tarihi-hakkinda-buyuk-bilgi-yarismasi\/"},"modified":"2023-11-01T14:12:22","modified_gmt":"2023-11-01T11:12:22","slug":"cumhuriyet-tarihi-hakkinda-buyuk-bilgi-yarismasi","status":"publish","type":"post","link":"https:\/\/www.sp.k12.tr\/fr\/cumhuriyet-tarihi-hakkinda-buyuk-bilgi-yarismasi\/","title":{"rendered":"Grand quiz sur l&rsquo;histoire de la R\u00e9publique"},"content":{"rendered":"<p>Dans le cadre des c\u00e9l\u00e9brations du 100\u00e8me anniversaire de la R\u00e9publique, les \u00e9l\u00e8ves de 9\u00e8me ont pass\u00e9 une journ\u00e9e agr\u00e9able \u00e0 la m\u00e9diath\u00e8que. Ils se sont amus\u00e9s et ont aussi pu enrichir leurs connaissances sur l&rsquo;Histoire.\u00a0\u00a0<\/p>\n<p>Avec l&rsquo;exposition \u00ab\u00a0100 ans de valeurs\u00a0\u00bb qu&rsquo;ils ont mis en place dans le cadre des cours d\u2019histoire, ils ont rendu hommage avec amour et respect aux personnalit\u00e9s qui ont marqu\u00e9 la R\u00e9publique et ont fait la diff\u00e9rence.<\/p>\n<p>Qu&rsquo;avons-nous fait depuis 100 ans dans le domaine du sport, de l&rsquo;art, de la litt\u00e9rature, de la science, de la politique et dans bien d&rsquo;autres domaines ? Quels souvenirs ? Quelles traces ? Quelles valeurs ? Quel h\u00e9ritage en gardons-nous ?\u00a0 Ce fut l\u2019occasion de se souvenir de tout cela, de croiser nos connaissances historiques et culturelles lors d&rsquo;un grand quiz. Suite au jeu, les \u00e9l\u00e8ves ayant r\u00e9pondu correctement \u00e0 toutes les questions ont re\u00e7u un livre s\u00e9lectionn\u00e9 par les professeurs de la m\u00e9diath\u00e8que et les professeurs d&rsquo;histoire.<\/p>\n<p>Nous souhaitons de nombreux centenaires \u00e0 venir \u00e0 notre R\u00e9publique et remercions nos \u00e9tudiants pour leur participation !<\/p>\n","protected":false},"excerpt":{"rendered":"<p>Dans le cadre des c\u00e9l\u00e9brations du 100\u00e8me anniversaire de la R\u00e9publique, les \u00e9l\u00e8ves de 9\u00e8me ont pass\u00e9 une journ\u00e9e agr\u00e9able \u00e0 la m\u00e9diath\u00e8que. Ils se sont amus\u00e9s et ont aussi pu enrichir leurs connaissances sur l&rsquo;Histoire.\u00a0\u00a0 Avec l&rsquo;exposition \u00ab\u00a0100 ans [&hellip;]<\/p>\n","protected":false},"author":1,"featured_media":58445,"comment_status":"open","ping_status":"open","sticky":false,"template":"post-template.php","format":"gallery","meta":{"_monsterinsights_skip_tracking":false,"_monsterinsights_sitenote_active":false,"_monsterinsights_sitenote_note":"","_monsterinsights_sitenote_category":0,"footnotes":""},"categories":[400,425],"tags":[],"class_list":["post-58466","post","type-post","status-publish","format-gallery","has-post-thumbnail","hentry","category-general","category-slayt","post_format-post-format-gallery"],"_links":{"self":[{"href":"https:\/\/www.sp.k12.tr\/fr\/wp-json\/wp\/v2\/posts\/58466","targetHints":{"allow":["GET"]}}],"collection":[{"href":"https:\/\/www.sp.k12.tr\/fr\/wp-json\/wp\/v2\/posts"}],"about":[{"href":"https:\/\/www.sp.k12.tr\/fr\/wp-json\/wp\/v2\/types\/post"}],"author":[{"embeddable":true,"href":"https:\/\/www.sp.k12.tr\/fr\/wp-json\/wp\/v2\/users\/1"}],"replies":[{"embeddable":true,"href":"https:\/\/www.sp.k12.tr\/fr\/wp-json\/wp\/v2\/comments?post=58466"}],"version-history":[{"count":0,"href":"https:\/\/www.sp.k12.tr\/fr\/wp-json\/wp\/v2\/posts\/58466\/revisions"}],"wp:featuredmedia":[{"embeddable":true,"href":"https:\/\/www.sp.k12.tr\/fr\/wp-json\/wp\/v2\/media\/58445"}],"wp:attachment":[{"href":"https:\/\/www.sp.k12.tr\/fr\/wp-json\/wp\/v2\/media?parent=58466"}],"wp:term":[{"taxonomy":"category","embeddable":true,"href":"https:\/\/www.sp.k12.tr\/fr\/wp-json\/wp\/v2\/categories?post=58466"},{"taxonomy":"post_tag","embeddable":true,"href":"https:\/\/www.sp.k12.tr\/fr\/wp-json\/wp\/v2\/tags?post=58466"}],"curies":[{"name":"wp","href":"https:\/\/api.w.org\/{rel}","templated":true}]}}