{"id":58329,"date":"2023-10-26T10:36:43","date_gmt":"2023-10-26T07:36:43","guid":{"rendered":"https:\/\/www.sp.k12.tr\/medyatekte-cumhuriyetin-100-yili-etkinlikleri\/"},"modified":"2023-10-26T13:55:29","modified_gmt":"2023-10-26T10:55:29","slug":"medyatekte-cumhuriyetin-100-yili-etkinlikleri","status":"publish","type":"post","link":"https:\/\/www.sp.k12.tr\/fr\/medyatekte-cumhuriyetin-100-yili-etkinlikleri\/","title":{"rendered":"C\u00e9l\u00e9brations du centenaire de la R\u00e9publique \u00e0 la m\u00e9diath\u00e8que"},"content":{"rendered":"<p><span lang=\"tr-TR\">Nos \u00e9l\u00e8ves de 9\u00e8me ann\u00e9e, accompagn\u00e9s de leur professeur d&rsquo;histoire, Mme Lale, ont men\u00e9 des recherches sur cent personnalit\u00e9s importantes de la R\u00e9publique de Turquie, qui ont brill\u00e9 dans diff\u00e9rents domaines tels que l&rsquo;art, la science, la litt\u00e9rature et la politique. Ils ont ensuite pr\u00e9par\u00e9 une exposition biographique sur les personnes choisies. Apr\u00e8s la p\u00e9riode d&rsquo;examens, nous accueillerons nos \u00e9l\u00e8ves de 9\u00e8me \u00e0 la m\u00e9diath\u00e8que afin qu\u2019ils puissent visiter cette exposition et jouer \u00e0 un \u00ab Kahoot \u00bb sur le th\u00e8me de l&rsquo;histoire de la R\u00e9publique.<\/span><\/p>\n<p><span lang=\"tr-TR\">Toujours en partenariat avec le d\u00e9partement d&rsquo;histoire, nous avons organis\u00e9 des expos\u00e9s \u00e0 la m\u00e9diath\u00e8que pendant la pause d\u00e9jeuner. Nos \u00e9l\u00e8ves volontaires ont pr\u00e9sent\u00e9 leurs recherches sur \u00ab\u00a0la coupe du G\u00e9n\u00e9ral Harrington\u00a0\u00bb, \u00ab\u00a0les femmes de la R\u00e9publique \u00bb \u00ab les pr\u00e9sidents de la R\u00e9publique de Turquie \u00bb \u00e0 leurs camarades et enseignants au rez-de-chauss\u00e9e de la m\u00e9diath\u00e8que.<\/span><\/p>\n<p><span lang=\"tr-TR\">Bien s\u00fbr, lors les \u00e9v\u00e9nements organis\u00e9s \u00e0 la m\u00e9diath\u00e8que \u00e0 l&rsquo;occasion du centenaire de la f\u00eate de la R\u00e9publique, l\u2019accent a \u00e9t\u00e9 mis sur l\u2019importance de Mustafa Kemal Atat\u00fcrk. Dans les activit\u00e9s, organis\u00e9es conjointement avec le d\u00e9partement de langue et de litt\u00e9rature turques, diff\u00e9rents niveaux sont descendus \u00e0 la m\u00e9diath\u00e8que. Ils ont effectu\u00e9 des recherches sur Atat\u00fcrk et la R\u00e9publique et ont \u00e9crit leurs sentiments et leurs pens\u00e9es sur le th\u00e8me du centenaire dans le livre d&rsquo;or de notre lyc\u00e9e consacr\u00e9 \u00e0 Atat\u00fcrk.<\/span><\/p>\n<p><span lang=\"tr-TR\">Voici quelques exemples de ce que nos \u00e9l\u00e8ves ont \u00e9crit : <\/span><\/p>\n<p><span lang=\"tr-TR\">\u00ab\u00a0La R\u00e9publique est le cadeau le plus pr\u00e9cieux qu&rsquo;Atat\u00fcrk a fait au peuple turc. La R\u00e9publique, dont nous c\u00e9l\u00e9brons cette ann\u00e9e le centenaire, repr\u00e9sente l&rsquo;ind\u00e9pendance de notre pays et de son peuple. La R\u00e9publique, qui est c\u00e9l\u00e9br\u00e9e depuis des g\u00e9n\u00e9rations depuis 100 ans et qui est un jour f\u00e9ri\u00e9, rassemble toute la Turquie sous le m\u00eame toit et est le plus beau jour de tous.\u00a0\u00bb Kayra K., 9C<\/span><\/p>\n<p><span lang=\"tr-TR\">\u00ab\u00a0La Turquie s&rsquo;est lib\u00e9r\u00e9e avec l&rsquo;av\u00e8nement de la R\u00e9publique. Elle doit \u00e0 nos anc\u00eatres la science, la philosophie et l&rsquo;art. Nous ressentons de l&rsquo;enthousiasme et de la joie en nous d&rsquo;\u00eatre turcs. La libert\u00e9 que la R\u00e9publique nous a apport\u00e9 cr\u00e9e un sentiment de d\u00e9termination pour la nation turque. \u00bb \u0130pek U., 10B<\/span><\/p>\n<p><span lang=\"tr-TR\">\u00ab\u00a0Malgr\u00e9 tout, je suis fier de c\u00e9l\u00e9brer cette ann\u00e9e le 100\u00e8me anniversaire de la R\u00e9publique, qui s&rsquo;est instaur\u00e9e avec tant de difficult\u00e9s. Il est du devoir de chaque \u00eatre humain d&rsquo;agir avec d\u00e9termination pour maintenir vivantes les valeurs de la R\u00e9publique, \u00e0 l&rsquo;instar de Mustafa Kemal Atat\u00fcrk, qui n&rsquo;a jamais d\u00e9sesp\u00e9r\u00e9 et s&rsquo;est battu pour ses id\u00e9aux de la mani\u00e8re la plus courageuse. De notre position, de notre point de vue, celui qui voit doit conna\u00eetre et comprendre les fils de la r\u00e9publique au premier regard. Alors \u00e0 ce moment-l\u00e0 seulement, l&rsquo;anc\u00eatre peut se reposer paisiblement, et une paire de yeux bleus trouvera toujours la paix \u00e0 l\u2019endroit o\u00f9 elle s\u2019est \u00e9teinte. \u00c0 de nombreux centenaires ! \u00bb \u0130rem D., 11C<\/span><\/p>\n<p><span lang=\"tr-TR\">\u00ab\u00a0Ce pays ne peut rester qu&rsquo;une partie de lui-m\u00eame pour toujours avec son peuple, et cela ne peut \u00eatre r\u00e9alis\u00e9 qu&rsquo;avec une r\u00e9publique. Amour profond au peuple turc, respect \u00e9ternel \u00e0 Mustafa Kemal Atat\u00fcrk, pour encore de nombreux centenaires !\u00a0\u00bb Ege B., 12F<\/span><\/p>\n","protected":false},"excerpt":{"rendered":"<p>Nos \u00e9l\u00e8ves de 9\u00e8me ann\u00e9e, accompagn\u00e9s de leur professeur d&rsquo;histoire, Mme Lale, ont men\u00e9 des recherches sur cent personnalit\u00e9s importantes de la R\u00e9publique de Turquie, qui ont brill\u00e9 dans diff\u00e9rents domaines tels que l&rsquo;art, la science, la litt\u00e9rature et la [&hellip;]<\/p>\n","protected":false},"author":1,"featured_media":58282,"comment_status":"open","ping_status":"open","sticky":false,"template":"post-template.php","format":"gallery","meta":{"_monsterinsights_skip_tracking":false,"_monsterinsights_sitenote_active":false,"_monsterinsights_sitenote_note":"","_monsterinsights_sitenote_category":0,"footnotes":""},"categories":[400,425],"tags":[],"class_list":["post-58329","post","type-post","status-publish","format-gallery","has-post-thumbnail","hentry","category-general","category-slayt","post_format-post-format-gallery"],"_links":{"self":[{"href":"https:\/\/www.sp.k12.tr\/fr\/wp-json\/wp\/v2\/posts\/58329","targetHints":{"allow":["GET"]}}],"collection":[{"href":"https:\/\/www.sp.k12.tr\/fr\/wp-json\/wp\/v2\/posts"}],"about":[{"href":"https:\/\/www.sp.k12.tr\/fr\/wp-json\/wp\/v2\/types\/post"}],"author":[{"embeddable":true,"href":"https:\/\/www.sp.k12.tr\/fr\/wp-json\/wp\/v2\/users\/1"}],"replies":[{"embeddable":true,"href":"https:\/\/www.sp.k12.tr\/fr\/wp-json\/wp\/v2\/comments?post=58329"}],"version-history":[{"count":0,"href":"https:\/\/www.sp.k12.tr\/fr\/wp-json\/wp\/v2\/posts\/58329\/revisions"}],"wp:featuredmedia":[{"embeddable":true,"href":"https:\/\/www.sp.k12.tr\/fr\/wp-json\/wp\/v2\/media\/58282"}],"wp:attachment":[{"href":"https:\/\/www.sp.k12.tr\/fr\/wp-json\/wp\/v2\/media?parent=58329"}],"wp:term":[{"taxonomy":"category","embeddable":true,"href":"https:\/\/www.sp.k12.tr\/fr\/wp-json\/wp\/v2\/categories?post=58329"},{"taxonomy":"post_tag","embeddable":true,"href":"https:\/\/www.sp.k12.tr\/fr\/wp-json\/wp\/v2\/tags?post=58329"}],"curies":[{"name":"wp","href":"https:\/\/api.w.org\/{rel}","templated":true}]}}