{"id":58024,"date":"2023-10-27T21:51:58","date_gmt":"2023-10-27T18:51:58","guid":{"rendered":"https:\/\/www.sp.k12.tr\/?p=58024"},"modified":"2023-10-31T15:19:40","modified_gmt":"2023-10-31T12:19:40","slug":"rayonnement-de-notre-republique-a-loccasion-de-son-centenaire","status":"publish","type":"post","link":"https:\/\/www.sp.k12.tr\/fr\/rayonnement-de-notre-republique-a-loccasion-de-son-centenaire\/","title":{"rendered":"Rayonnement de notre R\u00e9publique \u00e0 l&rsquo;occasion de son centenaire"},"content":{"rendered":"<p><span style=\"font-weight: 400;\">Nous comm\u00e9morons les instants o\u00f9, au cours de ces cent derni\u00e8res ann\u00e9es, notre R\u00e9publique, symbolis\u00e9e par l&rsquo;\u00e9toile brillante de notre drapeau, a rayonn\u00e9, ainsi que son h\u00e9ros Mustafa Kemal Atat\u00fcrk. En un si\u00e8cle, la nation turque a r\u00e9ussi \u00e0 r\u00e9soudre les d\u00e9fis li\u00e9s \u00e0 l&rsquo;unit\u00e9 et \u00e0 la solidarit\u00e9 nationale gr\u00e2ce \u00e0 la lumi\u00e8re qu&rsquo;elle porte dans ses mains, guidant ainsi son chemin vers le progr\u00e8s et la civilisation. Cette lumi\u00e8re repose sur la science, fond\u00e9e sur la connaissance et l&rsquo;exp\u00e9rience, que la nation turque a embrass\u00e9e.<\/span><\/p>\n<p><span style=\"font-weight: 400;\">Les h\u00e9ros de notre c\u00e9r\u00e9monie sont les soldats de la R\u00e9publique. Ils nous ont \u00e9clair\u00e9s sur ce chemin, ils nous ont dirig\u00e9s et ont \u00e9lev\u00e9 notre pays parmi les nations les plus prosp\u00e8res et civilis\u00e9es du monde.<\/span><\/p>\n<p><span style=\"font-weight: 400;\">Au cours de cette c\u00e9r\u00e9monie, nous r\u00e9affirmons notre engagement \u00e0 toujours pers\u00e9v\u00e9rer davantage et \u00e0 ne jamais consid\u00e9rer que nous avons suffisamment fait. Nous nous engageons \u00e0 travailler encore plus ardemment qu&rsquo;auparavant, dans l&rsquo;int\u00e9r\u00eat sup\u00e9rieur de la nation turque, \u00e0 perp\u00e9tuer son h\u00e9ritage sur encore des centaines d&rsquo;ann\u00e9es, conform\u00e9ment aux paroles de son cr\u00e9ateur &#8211; \u00ab\u00a0Paix \u00e0 l\u2019int\u00e9rieur des fronti\u00e8res, paix dans le monde\u00a0\u00bb &#8211; afin d&rsquo;assurer la vraie paix de toute l&rsquo;humanit\u00e9.<\/span><\/p>\n<p>Voici un extrait des discours de Mme Rid\u00e9 et de Mme Min\u00e2 prononc\u00e9s lors de notre c\u00e9r\u00e9monie :<\/p>\n<p><span style=\"font-weight: 400;\">\u00a0\u00bb (&#8230;) Aujourd\u2019hui, les mots ont perdu de leur force, ou plut\u00f4t de leur sens. Les mots \u201cr\u00e9publique\u201d et \u201cd\u00e9mocratie\u201d so<\/span><span style=\"font-weight: 400;\">nt les mots les plus r\u00e9pandus du langage politique.<\/span><\/p>\n<p><span style=\"font-weight: 400;\">Or, dans ce domaine comme dans tous les autres, on peut faire dire n\u2019importe quoi \u00e0 n\u2019importe quel mot en fonction de ses d\u00e9sirs et de ses besoins particuliers.<\/span><\/p>\n<p><span style=\"font-weight: 400;\">On parle de paix et de justice. Mais<\/span><span style=\"font-weight: 400;\"> les guerres se succ\u00e8dent et se r\u00e9p\u00e8tent sur fond de nationalisme et de propri\u00e9t\u00e9, comme si dans notre monde globalis\u00e9 et ouvert par Internet et les r\u00e9seaux sociaux, les hommes ne pouvaient renoncer \u00e0 ce qu\u2019ils estiment \u00eatre \u00e0 eux : MON ind\u00e9pendance, MON avenir, MA libert\u00e9.<\/span><\/p>\n<p><span style=\"font-weight: 400;\">Crier \u00e0 l\u2019injustice est facile quand il s\u2019agit de d\u00e9fendre uniquement ses propres int\u00e9r\u00eats, mais la R\u00e9publique vise au bien commun, au bien du plus grand nombre. Elle vise \u00e0 l\u2019inclusion de toutes et de tous, de chacun et de chacune.<\/span><\/p>\n<p><span style=\"font-weight: 400;\">C\u2019est l\u00e0 que r\u00e9side la justice, quand il n\u2019y a plus de cause \u00e0 l\u2019in\u00e9quit\u00e9.\u00a0<\/span><\/p>\n<p><span style=\"font-weight: 400;\">Dans l\u2019inclusion.<\/span><\/p>\n<p><span style=\"font-weight: 400;\">Dans la reconnaissance de la r\u00e9ciprocit\u00e9.<\/span><\/p>\n<p><span style=\"font-weight: 400;\">Dans l\u2019hospitalit\u00e9 des diff\u00e9rences.<\/span><\/p>\n<p><span style=\"font-weight: 400;\">Dans le bien commun qui s\u2019impose par-dessus les int\u00e9r\u00eats individuels.<\/span><\/p>\n<p><span style=\"font-weight: 400;\">Affronter la question de la vraie justice, c\u2019est comme ouvrir une porte qui permet \u00e0 chacun d\u2019aller vers lui-m\u00eame en allant vers l\u2019autre. Quel qu\u2019il soit (&#8230;).\u00a0\u00bb<\/span><\/p>\n<p>Mme Rid\u00e9, Directrice<\/p>\n<p>&nbsp;<\/p>\n<p>\u00a0\u00bb <span style=\"font-weight: 400;\">La R\u00e9publique est un amour,<\/span><\/p>\n<p><span style=\"font-weight: 400;\">Son sens est la paix, l&rsquo;\u00e9galit\u00e9, <\/span><\/p>\n<p><span style=\"font-weight: 400;\">Son concept est la d\u00e9mocratie,<\/span><\/p>\n<p><span style=\"font-weight: 400;\">L&rsquo;indispensable la la\u00efcit\u00e9&#8230;<\/span><\/p>\n<p><span style=\"font-weight: 400;\">La r\u00e9publique est la modernit\u00e9, <\/span><\/p>\n<p><span style=\"font-weight: 400;\">Son but est le respect des diff\u00e9rences, <\/span><\/p>\n<p><span style=\"font-weight: 400;\">La souverainet\u00e9 inconditionnelle appartient \u00e0 la nation et sa plus grande r\u00e9ussite est de faire d&rsquo;une soci\u00e9t\u00e9 une nation, d&rsquo;une g\u00e9ographie une patrie, <\/span><\/p>\n<p><span style=\"font-weight: 400;\">La r\u00e9publique embrasse tous les individus sans distinction de race, de langue ou de religion.\u00a0<\/span><\/p>\n<p>(&#8230;)<\/p>\n<p><span style=\"font-weight: 400;\">Aujourd\u2019hui, nous \u00e9prouvons la fiert\u00e9 et la joie de laisser exactement 1 si\u00e8cle, 100 ans derri\u00e8re nous. La R\u00e9publique de Turquie a 100 ans et lorsque nous disons joyeux anniversaire, nous ne pouvons nous emp\u00eacher d\u2019imaginer les valeurs de notre r\u00e9publique comme une bande passante devant nos yeux.<\/span><\/p>\n<p>(&#8230;)<\/p>\n<p><span style=\"font-weight: 400;\">Ce pays nous appartient \u00e0 tous !<\/span><\/p>\n<p><span style=\"font-weight: 400;\">Bonne f\u00eate de la R\u00e9publique \u00e0 nous tous !\u00a0\u00bb<\/span><\/p>\n<p>Mme Min\u00e2, Directrice Adjointe Turque<\/p>\n<p>&nbsp;<\/p>\n<p>&nbsp;<\/p>\n","protected":false},"excerpt":{"rendered":"<p>Nous comm\u00e9morons les instants o\u00f9, au cours de ces cent derni\u00e8res ann\u00e9es, notre R\u00e9publique, symbolis\u00e9e par l&rsquo;\u00e9toile brillante de notre drapeau, a rayonn\u00e9, ainsi que son h\u00e9ros Mustafa Kemal Atat\u00fcrk. En un si\u00e8cle, la nation turque a r\u00e9ussi \u00e0 r\u00e9soudre [&hellip;]<\/p>\n","protected":false},"author":1,"featured_media":58415,"comment_status":"open","ping_status":"open","sticky":false,"template":"post-template.php","format":"gallery","meta":{"_monsterinsights_skip_tracking":false,"_monsterinsights_sitenote_active":false,"_monsterinsights_sitenote_note":"","_monsterinsights_sitenote_category":0,"footnotes":""},"categories":[52,425],"tags":[],"class_list":["post-58024","post","type-post","status-publish","format-gallery","has-post-thumbnail","hentry","category-ceremonies-et-histoire","category-slayt","post_format-post-format-gallery"],"_links":{"self":[{"href":"https:\/\/www.sp.k12.tr\/fr\/wp-json\/wp\/v2\/posts\/58024","targetHints":{"allow":["GET"]}}],"collection":[{"href":"https:\/\/www.sp.k12.tr\/fr\/wp-json\/wp\/v2\/posts"}],"about":[{"href":"https:\/\/www.sp.k12.tr\/fr\/wp-json\/wp\/v2\/types\/post"}],"author":[{"embeddable":true,"href":"https:\/\/www.sp.k12.tr\/fr\/wp-json\/wp\/v2\/users\/1"}],"replies":[{"embeddable":true,"href":"https:\/\/www.sp.k12.tr\/fr\/wp-json\/wp\/v2\/comments?post=58024"}],"version-history":[{"count":0,"href":"https:\/\/www.sp.k12.tr\/fr\/wp-json\/wp\/v2\/posts\/58024\/revisions"}],"wp:featuredmedia":[{"embeddable":true,"href":"https:\/\/www.sp.k12.tr\/fr\/wp-json\/wp\/v2\/media\/58415"}],"wp:attachment":[{"href":"https:\/\/www.sp.k12.tr\/fr\/wp-json\/wp\/v2\/media?parent=58024"}],"wp:term":[{"taxonomy":"category","embeddable":true,"href":"https:\/\/www.sp.k12.tr\/fr\/wp-json\/wp\/v2\/categories?post=58024"},{"taxonomy":"post_tag","embeddable":true,"href":"https:\/\/www.sp.k12.tr\/fr\/wp-json\/wp\/v2\/tags?post=58024"}],"curies":[{"name":"wp","href":"https:\/\/api.w.org\/{rel}","templated":true}]}}