{"id":5794,"date":"2013-05-07T20:37:09","date_gmt":"2013-05-07T17:37:09","guid":{"rendered":"https:\/\/www.sp.k12.tr\/?p=5794"},"modified":"2019-12-26T20:38:04","modified_gmt":"2019-12-26T17:38:04","slug":"balcicek-ilter-et-safak-pavey-au-lycee-sainte-pulcherie","status":"publish","type":"post","link":"https:\/\/www.sp.k12.tr\/fr\/balcicek-ilter-et-safak-pavey-au-lycee-sainte-pulcherie\/","title":{"rendered":"Bal\u00e7i\u00e7ek \u0130lter et \u015eafak Pavey au Lyc\u00e9e Sainte Pulch\u00e9rie !"},"content":{"rendered":"<h3>A l\u2019occasion de la journ\u00e9e de la femme<\/h3>\n<p>Le vendredi 22 f\u00e9vrier 2013, \u00e0 l\u2019approche de la journ\u00e9e de la femme, Bal\u00e7i\u00e7ek \u0130lter et Safak Pavey se sont r\u00e9unies avec nos \u00e9l\u00e8ves de 10\u00e8me dans la salle de conf\u00e9rence. Elles ont trait\u00e9 des th\u00e8mes suivants\u00a0: \u00ab\u00a0Les m\u00e9dias et les femmes\u00a0\u00bb et \u00ab\u00a0La politique et les femmes\u00a0\u00bb.<\/p>\n<p>Tout en traitant les probl\u00e8mes que les femmes rencontrent dans tous les milieux sociaux de nos jours, Bal\u00e7i\u00e7ek \u0130lter a soulign\u00e9 le r\u00f4le important des m\u00e9dias qui doivent renforcer l\u2019id\u00e9e de l\u2019\u00e9galit\u00e9 entre les femmes et les hommes. Elle a donn\u00e9 des exemples de sa propre vie pour montrer la lutte men\u00e9e par les femmes.<\/p>\n<p>La premi\u00e8re femme d\u00e9put\u00e9 handicap\u00e9e \u015eafak Payey, \u00e9lue au parlement turc a expliqu\u00e9 les d\u00e9marches faites dans les ann\u00e9es pr\u00e9c\u00e9dentes par les pays occidentaux sur l\u2019\u00e9galit\u00e9 des femmes et des hommes et a pr\u00e9cis\u00e9 qu\u2019en Turquie, ce droit a \u00e9t\u00e9 donn\u00e9 beaucoup plus t\u00f4t aux femmes par rapport \u00e0 plusieurs pays.<\/p>\n<p>Gr\u00e2ce \u00e0 cette pr\u00e9cieuse rencontre, les \u00e9l\u00e8ves ont eu la chance d\u2019\u00e9couter deux femme figures de proues dans leurs domaines respectifs et de pouvoir les interroger. Ce fut une rencontre tr\u00e8s enrichissante non seulement pour les \u00e9l\u00e8ves mais aussi pour nos invit\u00e9s.<\/p>\n","protected":false},"excerpt":{"rendered":"<p>A l\u2019occasion de la journ\u00e9e de la femme Le vendredi 22 f\u00e9vrier 2013, \u00e0 l\u2019approche de la journ\u00e9e de la femme, Bal\u00e7i\u00e7ek \u0130lter et Safak Pavey se sont r\u00e9unies avec nos \u00e9l\u00e8ves de 10\u00e8me dans la salle de conf\u00e9rence. Elles [&hellip;]<\/p>\n","protected":false},"author":1,"featured_media":0,"comment_status":"open","ping_status":"open","sticky":false,"template":"","format":"standard","meta":{"_monsterinsights_skip_tracking":false,"_monsterinsights_sitenote_active":false,"_monsterinsights_sitenote_note":"","_monsterinsights_sitenote_category":0,"footnotes":""},"categories":[55],"tags":[],"class_list":["post-5794","post","type-post","status-publish","format-standard","hentry","category-rencontres"],"_links":{"self":[{"href":"https:\/\/www.sp.k12.tr\/fr\/wp-json\/wp\/v2\/posts\/5794","targetHints":{"allow":["GET"]}}],"collection":[{"href":"https:\/\/www.sp.k12.tr\/fr\/wp-json\/wp\/v2\/posts"}],"about":[{"href":"https:\/\/www.sp.k12.tr\/fr\/wp-json\/wp\/v2\/types\/post"}],"author":[{"embeddable":true,"href":"https:\/\/www.sp.k12.tr\/fr\/wp-json\/wp\/v2\/users\/1"}],"replies":[{"embeddable":true,"href":"https:\/\/www.sp.k12.tr\/fr\/wp-json\/wp\/v2\/comments?post=5794"}],"version-history":[{"count":0,"href":"https:\/\/www.sp.k12.tr\/fr\/wp-json\/wp\/v2\/posts\/5794\/revisions"}],"wp:attachment":[{"href":"https:\/\/www.sp.k12.tr\/fr\/wp-json\/wp\/v2\/media?parent=5794"}],"wp:term":[{"taxonomy":"category","embeddable":true,"href":"https:\/\/www.sp.k12.tr\/fr\/wp-json\/wp\/v2\/categories?post=5794"},{"taxonomy":"post_tag","embeddable":true,"href":"https:\/\/www.sp.k12.tr\/fr\/wp-json\/wp\/v2\/tags?post=5794"}],"curies":[{"name":"wp","href":"https:\/\/api.w.org\/{rel}","templated":true}]}}