{"id":57891,"date":"2023-10-26T09:28:34","date_gmt":"2023-10-26T06:28:34","guid":{"rendered":"https:\/\/www.sp.k12.tr\/?p=57891"},"modified":"2023-10-26T14:01:22","modified_gmt":"2023-10-26T11:01:22","slug":"hommage-a-anitkabir-celebration-du-centenaire-de-la-republique-turque","status":"publish","type":"post","link":"https:\/\/www.sp.k12.tr\/fr\/hommage-a-anitkabir-celebration-du-centenaire-de-la-republique-turque\/","title":{"rendered":"Hommage \u00e0 An\u0131tkabir : c\u00e9l\u00e9bration du centenaire de la R\u00e9publique Turque"},"content":{"rendered":"<p>C\u00e9l\u00e9brer le centenaire de la R\u00e9pubique Turque permet de reconna\u00eetre et d&rsquo;honorer l&rsquo;h\u00e9ritage d&rsquo;une nation qui a connu une transformation remarquable sous la direction \u00e9clair\u00e9e de son fondateur, Mustafa Kemal Atat\u00fcrk. La R\u00e9publique turque a vu le jour en 1923, incarnant une vision audacieuse d&rsquo;une Turquie moderne, la\u00efque et d\u00e9mocratique. C&rsquo;est aujourd&rsquo;hui un devoir de rappeler les r\u00e9alisations et les progr\u00e8s accomplis au cours de ces cent derni\u00e8res ann\u00e9es, ainsi que les d\u00e9fis surmont\u00e9s. C&rsquo;est \u00e9galement l&rsquo;occasion de renforcer le sentiment d&rsquo;unit\u00e9 et de fiert\u00e9 nationale, tout en encourageant la r\u00e9flexion sur les valeurs d\u00e9mocratiques et la tol\u00e9rance qui sont au c\u0153ur de la r\u00e9publique.<\/p>\n<p>Nous sommes heureux de partager, \u00e0 travers cet article, les mots inscris sur le livre d&rsquo;or d&rsquo;An\u0131takabir :\u00a0<\/p>\n<p><span style=\"font-weight: 400;\">\u00ab\u00a0Fondateur de la R\u00e9publique turque,\u00a0<\/span><\/p>\n<p><span style=\"font-weight: 400;\">Cr\u00e9ateur de la Turquie moderne,\u00a0<\/span><\/p>\n<p><span style=\"font-weight: 400;\">Gazi Mustafa Kemal ATAT\u00dcRK,\u00a0<\/span><\/p>\n<p>&nbsp;<\/p>\n<p><span style=\"font-weight: 400;\">Nous en sommes en ta pr\u00e9sence aujourd\u2019hui en tant qu\u2019\u00e9l\u00e8ves et professeurs.<\/span><\/p>\n<p><span style=\"font-weight: 400;\">Cela fait exactement cent ans depuis la cr\u00e9ation de la R\u00e9publique de Turquie.<\/span><\/p>\n<p><span style=\"font-weight: 400;\">Ta lumi\u00e8re a \u00e9clair\u00e9 des millions de personnes,\u00a0<\/span><\/p>\n<p><span style=\"font-weight: 400;\">Tes r\u00e9volutions ont ramen\u00e9 une nation \u00e0 l&rsquo;existence,\u00a0<\/span><\/p>\n<p><span style=\"font-weight: 400;\">Mais notre responsabilit\u00e9 est devenue plus importante,\u00a0<\/span><\/p>\n<p><span style=\"font-weight: 400;\">chaque ann\u00e9e,\u00a0<\/span><\/p>\n<p><span style=\"font-weight: 400;\">chaque jour,\u00a0<\/span><\/p>\n<p><span style=\"font-weight: 400;\">chaque heure,\u00a0<\/span><\/p>\n<p><span style=\"font-weight: 400;\">car la Turquie s\u2019illuminera \u00e0 mesure que la R\u00e9publique s\u2019\u00e9clairera et progressera en la d\u00e9fendant courageusement.\u00a0<\/span><\/p>\n<p><span style=\"font-weight: 400;\">Promis, Tu seras pr\u00e9sent\u00a0<\/span><\/p>\n<p><span style=\"font-weight: 400;\">\u00e0 chaque pas que nous ferons,\u00a0<\/span><\/p>\n<p><span style=\"font-weight: 400;\">dans chaque d\u00e9cision que nous prendrons,\u00a0<\/span><\/p>\n<p><span style=\"font-weight: 400;\">pour chaque chemin que nous ouvrirons.<\/span><\/p>\n<p>&nbsp;<\/p>\n<p><span style=\"font-weight: 400;\">Que la R\u00e9publique la\u00efque et d\u00e9mocratique de Turquie perdure des centaines de si\u00e8cles.\u00a0\u00bb<\/span><\/p>\n<p>&nbsp;<\/p>\n<p>Nous esp\u00e9rons que les c\u00e9l\u00e9brations du 100\u00e8me anniversaire de la R\u00e9publique Turque seront un moyen de pr\u00e9server son histoire riche et d&rsquo;inspirer les g\u00e9n\u00e9rations futures \u00e0 poursuivre sur la voie de la modernit\u00e9, de la la\u00efcit\u00e9 et de la d\u00e9mocratie.<\/p>\n","protected":false},"excerpt":{"rendered":"<p>C\u00e9l\u00e9brer le centenaire de la R\u00e9pubique Turque permet de reconna\u00eetre et d&rsquo;honorer l&rsquo;h\u00e9ritage d&rsquo;une nation qui a connu une transformation remarquable sous la direction \u00e9clair\u00e9e de son fondateur, Mustafa Kemal Atat\u00fcrk. La R\u00e9publique turque a vu le jour en 1923, [&hellip;]<\/p>\n","protected":false},"author":1,"featured_media":57920,"comment_status":"open","ping_status":"open","sticky":false,"template":"post-template.php","format":"gallery","meta":{"_monsterinsights_skip_tracking":false,"_monsterinsights_sitenote_active":false,"_monsterinsights_sitenote_note":"","_monsterinsights_sitenote_category":0,"footnotes":""},"categories":[52,425],"tags":[],"class_list":["post-57891","post","type-post","status-publish","format-gallery","has-post-thumbnail","hentry","category-ceremonies-et-histoire","category-slayt","post_format-post-format-gallery"],"_links":{"self":[{"href":"https:\/\/www.sp.k12.tr\/fr\/wp-json\/wp\/v2\/posts\/57891","targetHints":{"allow":["GET"]}}],"collection":[{"href":"https:\/\/www.sp.k12.tr\/fr\/wp-json\/wp\/v2\/posts"}],"about":[{"href":"https:\/\/www.sp.k12.tr\/fr\/wp-json\/wp\/v2\/types\/post"}],"author":[{"embeddable":true,"href":"https:\/\/www.sp.k12.tr\/fr\/wp-json\/wp\/v2\/users\/1"}],"replies":[{"embeddable":true,"href":"https:\/\/www.sp.k12.tr\/fr\/wp-json\/wp\/v2\/comments?post=57891"}],"version-history":[{"count":0,"href":"https:\/\/www.sp.k12.tr\/fr\/wp-json\/wp\/v2\/posts\/57891\/revisions"}],"wp:featuredmedia":[{"embeddable":true,"href":"https:\/\/www.sp.k12.tr\/fr\/wp-json\/wp\/v2\/media\/57920"}],"wp:attachment":[{"href":"https:\/\/www.sp.k12.tr\/fr\/wp-json\/wp\/v2\/media?parent=57891"}],"wp:term":[{"taxonomy":"category","embeddable":true,"href":"https:\/\/www.sp.k12.tr\/fr\/wp-json\/wp\/v2\/categories?post=57891"},{"taxonomy":"post_tag","embeddable":true,"href":"https:\/\/www.sp.k12.tr\/fr\/wp-json\/wp\/v2\/tags?post=57891"}],"curies":[{"name":"wp","href":"https:\/\/api.w.org\/{rel}","templated":true}]}}