{"id":57674,"date":"2023-10-09T15:12:05","date_gmt":"2023-10-09T12:12:05","guid":{"rendered":"https:\/\/www.sp.k12.tr\/sinif-temsilcileri-egitimlerini-tamamladilar\/"},"modified":"2023-10-09T15:39:24","modified_gmt":"2023-10-09T12:39:24","slug":"sinif-temsilcileri-egitimlerini-tamamladilar","status":"publish","type":"post","link":"https:\/\/www.sp.k12.tr\/fr\/sinif-temsilcileri-egitimlerini-tamamladilar\/","title":{"rendered":"Une formation r\u00e9ussie pour les \u00e9l\u00e8ves d\u00e9l\u00e9gu\u00e9s de classe"},"content":{"rendered":"<p style=\"font-weight: 400;\">Dans un premier temps, les \u00e9l\u00e8ves ont vot\u00e9 en ligne pour \u00e9lire les d\u00e9l\u00e9gu\u00e9s et les d\u00e9l\u00e9gu\u00e9s adjoints de chaque classe. Les \u00e9l\u00e8ves \u00e9lus ont ensuite \u00e9t\u00e9 r\u00e9unis le 6 octobre 2023 pour une formation de mission o\u00f9 ils ont \u00e9t\u00e9 inform\u00e9s de leurs responsabilit\u00e9s par nos conseillers en orientation, Meryem Ba\u015fkaya et Serhan Sayar.<\/p>\n<p style=\"font-weight: 400;\">Dans cette formation, les \u00e9l\u00e8ves ont notamment re\u00e7u des informations sur les sujets suivants :<\/p>\n<ul>\n<li style=\"font-weight: 400;\">La description g\u00e9n\u00e9rale des fonctions et des responsabilit\u00e9s des d\u00e9l\u00e9gu\u00e9s<\/li>\n<li style=\"font-weight: 400;\">Les responsabilit\u00e9s administratives des \u00e9l\u00e8ves d\u00e9l\u00e9gu\u00e9s<\/li>\n<li style=\"font-weight: 400;\">La pr\u00e9paration de rapports avant la r\u00e9union du conseil de classe<\/li>\n<li style=\"font-weight: 400;\">La participation au conseil de classe<\/li>\n<li style=\"font-weight: 400;\">Les informations \u00e0 fournir \u00e0 sa propre classe apr\u00e8s le conseil de classe<\/li>\n<li style=\"font-weight: 400;\">La r\u00e9union mensuelle des \u00e9l\u00e8ves d\u00e9l\u00e9gu\u00e9s du niveau avec la directrice de l&rsquo;\u00e9cole<\/li>\n<\/ul>\n<p>Ensuite, un d\u00e9l\u00e9gu\u00e9 \u00e0 \u00e9t\u00e9 choisi pour repr\u00e9senter chaque niveau. Enfin, les d\u00e9l\u00e9gu\u00e9s ont \u00e9cout\u00e9 les discours de campagne des \u00e9l\u00e8ves candidats \u00e0 la pr\u00e9sidence du Conseil de l&rsquo;\u00c9cole et ont proc\u00e9d\u00e9 au vote. Apr\u00e8s un vote tr\u00e8s anim\u00e9, Ege B. a \u00e9t\u00e9 \u00e9lu pr\u00e9sident du Conseil de l&rsquo;\u00c9cole et Aylin B. a \u00e9t\u00e9 \u00e9lue vice-pr\u00e9sidente.<\/p>\n<p>Nous souhaitons bonne chance \u00e0 tous les \u00e9l\u00e8ves d\u00e9l\u00e9gu\u00e9s dans leurs nouvelles fonctions !<\/p>\n","protected":false},"excerpt":{"rendered":"<p>Dans un premier temps, les \u00e9l\u00e8ves ont vot\u00e9 en ligne pour \u00e9lire les d\u00e9l\u00e9gu\u00e9s et les d\u00e9l\u00e9gu\u00e9s adjoints de chaque classe. Les \u00e9l\u00e8ves \u00e9lus ont ensuite \u00e9t\u00e9 r\u00e9unis le 6 octobre 2023 pour une formation de mission o\u00f9 ils ont [&hellip;]<\/p>\n","protected":false},"author":1,"featured_media":57670,"comment_status":"open","ping_status":"open","sticky":false,"template":"post-template.php","format":"gallery","meta":{"_monsterinsights_skip_tracking":false,"_monsterinsights_sitenote_active":false,"_monsterinsights_sitenote_note":"","_monsterinsights_sitenote_category":0,"footnotes":""},"categories":[400,425],"tags":[],"class_list":["post-57674","post","type-post","status-publish","format-gallery","has-post-thumbnail","hentry","category-general","category-slayt","post_format-post-format-gallery"],"_links":{"self":[{"href":"https:\/\/www.sp.k12.tr\/fr\/wp-json\/wp\/v2\/posts\/57674","targetHints":{"allow":["GET"]}}],"collection":[{"href":"https:\/\/www.sp.k12.tr\/fr\/wp-json\/wp\/v2\/posts"}],"about":[{"href":"https:\/\/www.sp.k12.tr\/fr\/wp-json\/wp\/v2\/types\/post"}],"author":[{"embeddable":true,"href":"https:\/\/www.sp.k12.tr\/fr\/wp-json\/wp\/v2\/users\/1"}],"replies":[{"embeddable":true,"href":"https:\/\/www.sp.k12.tr\/fr\/wp-json\/wp\/v2\/comments?post=57674"}],"version-history":[{"count":0,"href":"https:\/\/www.sp.k12.tr\/fr\/wp-json\/wp\/v2\/posts\/57674\/revisions"}],"wp:featuredmedia":[{"embeddable":true,"href":"https:\/\/www.sp.k12.tr\/fr\/wp-json\/wp\/v2\/media\/57670"}],"wp:attachment":[{"href":"https:\/\/www.sp.k12.tr\/fr\/wp-json\/wp\/v2\/media?parent=57674"}],"wp:term":[{"taxonomy":"category","embeddable":true,"href":"https:\/\/www.sp.k12.tr\/fr\/wp-json\/wp\/v2\/categories?post=57674"},{"taxonomy":"post_tag","embeddable":true,"href":"https:\/\/www.sp.k12.tr\/fr\/wp-json\/wp\/v2\/tags?post=57674"}],"curies":[{"name":"wp","href":"https:\/\/api.w.org\/{rel}","templated":true}]}}