{"id":5744,"date":"2012-12-06T20:25:34","date_gmt":"2012-12-06T17:25:34","guid":{"rendered":"https:\/\/www.sp.k12.tr\/?p=5744"},"modified":"2019-12-26T20:26:23","modified_gmt":"2019-12-26T17:26:23","slug":"mfinue-2012-un-succes-pour-nos-eleves","status":"publish","type":"post","link":"https:\/\/www.sp.k12.tr\/fr\/mfinue-2012-un-succes-pour-nos-eleves\/","title":{"rendered":"MFINUE 2012 : un succ\u00e8s pour nos \u00e9l\u00e8ves"},"content":{"rendered":"<p><a class=\"spip_out\" href=\"http:\/\/www.mfinue.org\/\" rel=\"external\">Le Mod\u00e8le Francophone International des Nations Unies en Eurasie<\/a>\u00a0a r\u00e9uni 300 participants de divers pays, et nos \u00e9l\u00e8ves se sont rapidement rendus compte qu\u2019ils faisaient partie d\u2019un groupe de r\u00e9flexion en marche vers l\u2019avenir, ayant \u00e0 c\u0153ur de construire les nations de demain.<\/p>\n<p>Nos \u00e9l\u00e8ves du club francophone du MUN ont tent\u00e9 de trouver des solutions urgentes aux grands probl\u00e8mes de notre monde, tels que\u00a0: la situation en Syrie, la crise de l\u2019Euro, la r\u00e9glementation des ventes d\u2019armes entre pays, l\u2019am\u00e9lioration des conditions de vie dans les camps de r\u00e9fugi\u00e9s, les mesures pour adapter l\u2019agriculture aux changements climatiques&#8230;<\/p>\n<p>Nos 17 \u00e9l\u00e8ves \u00e9taient r\u00e9partis entre les diff\u00e9rents comit\u00e9s\u00a0: D\u00e9sarmement, Droits de l\u2019homme, Environnement, ECOSOC, CSP, L\u00e9gal, et Conseil de s\u00e9curit\u00e9.<\/p>\n<p>Vous pourrez d\u00e9couvrir\u00a0<a class=\"spip_out\" href=\"http:\/\/www.lepetitjournal.com\/istanbul\/a-la-une-istanbul\/132235-lonu-a-lecole-le-lycee-saint-joseph-accueille-des-diplomates-en-herbe.html\" rel=\"external\">un article du Petit Journal d\u2019Istanbul<\/a>, retra\u00e7ant les grandes lignes de ce projet de simulation de conf\u00e9rence Onusienne.<\/p>\n<h3 class=\"spip\">Impressions de nos \u00e9l\u00e8ves au sortir de la conf\u00e9rence MFINUE<\/h3>\n<p>{{}}<\/p>\n<p>Nur ARIKAN\u00a0: \u00a0\u00bb\u00a0<i>Comme c\u2019\u00e9tait ma premi\u00e8re conf\u00e9rence, j\u2019\u00e9tais un peu nerveuse quant au d\u00e9roulement. Je n\u2019avais aucune id\u00e9e pr\u00e9cise de ce qui nous attendait \u00e0 Saint Joseph. Mais quand j\u2019ai vu que l\u2019ambiance \u00e9tait sympathique, j\u2019ai eu envie de prendre la parole, de faire des discours et de faire des amendements sur les r\u00e9solutions d\u00e9battues. Je dois avouer sinc\u00e8rement que ces 3 jours ont pass\u00e9 trop vite mais j\u2019ai aussi des souvenirs inoubliables<\/i>.\u00a0\u00bb<\/p>\n<p>\u00c7isel D\u0130N\u00c7\u00a0: \u00ab\u00a0<i>Apr\u00e8s avoir fait mon premier discours, j\u2019ai voulu en faire d\u2019autres et m\u2019am\u00e9liorer.. J\u2019ai vraiment senti que j\u2019\u00e9tais repr\u00e9sentante du pays que je devais d\u00e9fendre\u00a0: la Syrie. En bref, j\u2019ai v\u00e9cu une exp\u00e9rience inoubliable et j\u2019\u00e9tais ravie de rencontrer des gens de partout<\/i>.\u00a0\u00bb<\/p>\n<p>Berk ERZAIM\u00a0: \u00ab\u00a0<i>C\u2019\u00e9tait ma deuxi\u00e8me exp\u00e9rience. Il y avait une ambiance vraiment amicale. Les d\u00e9l\u00e9gu\u00e9s etaient ambitieux En etant la deleguation de Maroc, on a repr\u00e9sent\u00e9 notre \u00e9cole de la meilleure mani\u00e8re possible. Je c\u00e8de la parole \u00e0 Artun<\/i>.\u00a0\u00bb<\/p>\n<p>Artun MIMAR\u00a0: \u00a0\u00bb\u00a0<i>c\u2019\u00e9tait la premi\u00e8re fois que j\u2019\u00e9tais vice-pr\u00e9sident d\u2019un comit\u00e9. Cela me paraissait difficile, mais une fois que j\u2019y \u00e9tais, je me suis tout de suite trouv\u00e9 dans une atmosph\u00e8re agr\u00e9able et s\u00e9rieuse, et j\u2019y ai trouv\u00e9 ma place naturellement&#8230; Tout s\u2019est tr\u00e8s bien pass\u00e9, durant les trois jours\u00a0! A la cl\u00f4ture, je me sentais rassur\u00e9, car j\u2019avais fait de mon mieux<\/i>\u00a0!\u00a0\u00bb<\/p>\n<p>Sezgi \u00c7EK\u0130C\u0130\u00a0:\u00a0\u00bb\u00a0<i>Ce n\u2019\u00e9tait pas facile de conna\u00eetre tous les termes \u00e9conomiques pour mon comit\u00e9, mais j\u2019en tire une nouvelle exp\u00e9rience<\/i>.\u00a0\u00bb<\/p>\n<p>Katia HAV\u0130TERS\u00a0: \u00a0\u00bb\u00a0<i>On a appris beaucoup de choses, mais nous nous sommes amus\u00e9s aussi<\/i>\u00a0!\u00a0\u00bb<\/p>\n<p>Selin ERO\u011eLU\u00a0: \u00a0\u00bb\u00a0<i>On a eu la chance de rencontrer des personnes de diff\u00e9rents pays aussi<\/i>\u00a0!\u00a0\u00bb<\/p>\n","protected":false},"excerpt":{"rendered":"<p>Le Mod\u00e8le Francophone International des Nations Unies en Eurasie\u00a0a r\u00e9uni 300 participants de divers pays, et nos \u00e9l\u00e8ves se sont rapidement rendus compte qu\u2019ils faisaient partie d\u2019un groupe de r\u00e9flexion en marche vers l\u2019avenir, ayant \u00e0 c\u0153ur de construire les [&hellip;]<\/p>\n","protected":false},"author":1,"featured_media":0,"comment_status":"open","ping_status":"open","sticky":false,"template":"","format":"standard","meta":{"_monsterinsights_skip_tracking":false,"_monsterinsights_sitenote_active":false,"_monsterinsights_sitenote_note":"","_monsterinsights_sitenote_category":0,"footnotes":""},"categories":[55],"tags":[],"class_list":["post-5744","post","type-post","status-publish","format-standard","hentry","category-rencontres"],"_links":{"self":[{"href":"https:\/\/www.sp.k12.tr\/fr\/wp-json\/wp\/v2\/posts\/5744","targetHints":{"allow":["GET"]}}],"collection":[{"href":"https:\/\/www.sp.k12.tr\/fr\/wp-json\/wp\/v2\/posts"}],"about":[{"href":"https:\/\/www.sp.k12.tr\/fr\/wp-json\/wp\/v2\/types\/post"}],"author":[{"embeddable":true,"href":"https:\/\/www.sp.k12.tr\/fr\/wp-json\/wp\/v2\/users\/1"}],"replies":[{"embeddable":true,"href":"https:\/\/www.sp.k12.tr\/fr\/wp-json\/wp\/v2\/comments?post=5744"}],"version-history":[{"count":0,"href":"https:\/\/www.sp.k12.tr\/fr\/wp-json\/wp\/v2\/posts\/5744\/revisions"}],"wp:attachment":[{"href":"https:\/\/www.sp.k12.tr\/fr\/wp-json\/wp\/v2\/media?parent=5744"}],"wp:term":[{"taxonomy":"category","embeddable":true,"href":"https:\/\/www.sp.k12.tr\/fr\/wp-json\/wp\/v2\/categories?post=5744"},{"taxonomy":"post_tag","embeddable":true,"href":"https:\/\/www.sp.k12.tr\/fr\/wp-json\/wp\/v2\/tags?post=5744"}],"curies":[{"name":"wp","href":"https:\/\/api.w.org\/{rel}","templated":true}]}}