{"id":5728,"date":"2015-10-20T20:20:44","date_gmt":"2015-10-20T17:20:44","guid":{"rendered":"https:\/\/www.sp.k12.tr\/?p=5728"},"modified":"2019-12-26T20:21:10","modified_gmt":"2019-12-26T17:21:10","slug":"le-club-modele-des-nations-unies-en-francais","status":"publish","type":"post","link":"https:\/\/www.sp.k12.tr\/fr\/le-club-modele-des-nations-unies-en-francais\/","title":{"rendered":"Le club Mod\u00e8le des Nations Unies en fran\u00e7ais"},"content":{"rendered":"<p>Le Mod\u00e8le des Nations Unies est une simulation des Nations Unies, de ses instances et de son fonctionnement. Cette activit\u00e9, qui est organis\u00e9e par les \u00e9l\u00e8ves et pour les \u00e9l\u00e8ves permet \u00e0 ces derniers de se familiariser avec le monde de la diplomatie et des Nations Unies.<\/p>\n<p>Les conf\u00e9rences se d\u00e9roulent sur plusieurs jours et donnent l\u2019occasion aux participants de prendre le r\u00f4le de d\u00e9l\u00e9gu\u00e9 ou de pr\u00e9sident de comit\u00e9 ou encore de juge \u00e0 la Cour de Justice Internationale. Lors des conf\u00e9rences, les \u00e9l\u00e8ves sont regroup\u00e9s en diff\u00e9rents comit\u00e9s tels que le Conseil de S\u00e9curit\u00e9, le Comit\u00e9 des Droits de l\u2019Homme, le Comit\u00e9 de l\u2019Environnement, etc.<\/p>\n<p>Les conf\u00e9rences qui auront lieu, cette ann\u00e9e, \u00e0 Istanbul mais aussi \u00e0 Grenoble en France, \u00e0 La Haye aux Pays-Bas, se d\u00e9roulent sur plusieurs jours. Les \u00e9l\u00e8ves, venus du monde entier, y sont invit\u00e9s \u00e0 d\u00e9battre et r\u00e9diger une r\u00e9solution en groupe puis \u00e0 la d\u00e9fendre et \u00e9ventuellement la voir adopt\u00e9e en Assembl\u00e9e G\u00e9n\u00e9rale.<\/p>\n<p>Le club MUN permet \u00e0 ses participants de se familiariser avec le monde onuzien, de d\u00e9velopper et exploiter leurs capacit\u00e9s d\u2019analyse, de prise de position, d\u2019argumentation et de s\u2019ouvrir sur le monde contemporain et ses enjeux. Les \u00e9l\u00e8ves peuvent \u00e9galement am\u00e9liorer leurs comp\u00e9tences \u00e0 l\u2019oral, comme \u00e0 l\u2019\u00e9crit dans un environnement international et interculturel.<\/p>\n<p>Cette ann\u00e9e, notre club participera \u00e0 5 conf\u00e9rences dont celle du Lyc\u00e9e Galatasaray pour la premi\u00e8re fois\u00a0:<\/p>\n<ul class=\"spip\">\n<li>un atelier-conf\u00e9rence FRMUN au lyc\u00e9e am\u00e9ricain d\u2019\u00dcsk\u00fcdar (<a class=\"spip_url spip_out auto\" href=\"http:\/\/frmun.org\/\" rel=\"nofollow external\">http:\/\/frmun.org\/<\/a>), le 14 novembre. Pour d\u00e9couvrir la pr\u00e9c\u00e9dente conf\u00e9rence,<a href=\"https:\/\/www.sp.k12.tr\/francais\/evenements\/2014-2015\/conferences\/article\/premier-atelier-mun\">cliquez ici<\/a>.<\/li>\n<\/ul>\n<ul class=\"spip\">\n<li>La 6\u00e8me conf\u00e9rence MFINUE au lyc\u00e9e Saint-Joseph d\u2019Istanbul (<a class=\"spip_url spip_out auto\" href=\"http:\/\/www.mfinue.org\/\" rel=\"nofollow external\">http:\/\/www.mfinue.org\/<\/a>), le 27, 28 et 29 novembre. Pour d\u00e9couvrir la 5\u00e8me conf\u00e9rence,\u00a0<a href=\"https:\/\/www.sp.k12.tr\/francais\/evenements\/2014-2015\/conferences\/article\/legalite-legitimite-au-mfinue-2014\">cliquez ici<\/a>.<\/li>\n<\/ul>\n<ul class=\"spip\">\n<li>La 4\u00e8me conf\u00e9rence MFGNU de l\u2019Externat Notre-Dame (<a class=\"spip_url spip_out auto\" href=\"http:\/\/www.mfgnu.fr\/\" rel=\"nofollow external\">http:\/\/www.mfgnu.fr\/<\/a>), \u00e0 Grenoble, en France. Vous d\u00e9couvrirez la 3\u00e8me conf\u00e9rence\u00a0<a href=\"https:\/\/www.sp.k12.tr\/francais\/evenements\/2014-2015\/sejours-pedagogiques\/mgfnu-grenoble-france\/article\/le-mun-au-service-de-la-defense\">ici<\/a>.<\/li>\n<\/ul>\n<ul class=\"spip\">\n<li>La 12\u00e8me conf\u00e9rence (MFNU) au Lyc\u00e9e Fran\u00e7ais Vincent Van Gogh de La Haye (<a class=\"spip_url spip_out auto\" href=\"https:\/\/mfnu.wordpress.com\/\" rel=\"nofollow external\">https:\/\/mfnu.wordpress.com\/<\/a>). Pour d\u00e9couvrir nos \u00e9l\u00e8ves \u00e0 la 11\u00e8me conf\u00e9rence,\u00a0<a href=\"https:\/\/www.sp.k12.tr\/francais\/evenements\/2014-2015\/sejours-pedagogiques\/mun-la-haye-pays-bas\/article\/11eme-session-du-mfnu-de-la-haye\">cliquez ici<\/a>.<\/li>\n<\/ul>\n<ul class=\"spip\">\n<li>Et pour la premi\u00e8re fois, nos \u00e9l\u00e8ves participeront \u00e0 la 3\u00e8me conf\u00e9rence Sultan\u0131 MFNU\u201916 du Lyc\u00e9e Galatasaray.<\/li>\n<\/ul>\n<p>Suivez nos \u00e9l\u00e8ves sur le blog du club \u00e0 cette adresse\u00a0:\u00a0<a class=\"spip_url spip_out auto\" href=\"http:\/\/munsaintepulcherie.blogspot.com.tr\/\" rel=\"nofollow external\">http:\/\/munsaintepulcherie.blogspot.com.tr\/<\/a><\/p>\n","protected":false},"excerpt":{"rendered":"<p>Le Mod\u00e8le des Nations Unies est une simulation des Nations Unies, de ses instances et de son fonctionnement. Cette activit\u00e9, qui est organis\u00e9e par les \u00e9l\u00e8ves et pour les \u00e9l\u00e8ves permet \u00e0 ces derniers de se familiariser avec le monde [&hellip;]<\/p>\n","protected":false},"author":1,"featured_media":0,"comment_status":"open","ping_status":"open","sticky":false,"template":"","format":"standard","meta":{"_monsterinsights_skip_tracking":false,"_monsterinsights_sitenote_active":false,"_monsterinsights_sitenote_note":"","_monsterinsights_sitenote_category":0,"footnotes":""},"categories":[55],"tags":[],"class_list":["post-5728","post","type-post","status-publish","format-standard","hentry","category-rencontres"],"_links":{"self":[{"href":"https:\/\/www.sp.k12.tr\/fr\/wp-json\/wp\/v2\/posts\/5728","targetHints":{"allow":["GET"]}}],"collection":[{"href":"https:\/\/www.sp.k12.tr\/fr\/wp-json\/wp\/v2\/posts"}],"about":[{"href":"https:\/\/www.sp.k12.tr\/fr\/wp-json\/wp\/v2\/types\/post"}],"author":[{"embeddable":true,"href":"https:\/\/www.sp.k12.tr\/fr\/wp-json\/wp\/v2\/users\/1"}],"replies":[{"embeddable":true,"href":"https:\/\/www.sp.k12.tr\/fr\/wp-json\/wp\/v2\/comments?post=5728"}],"version-history":[{"count":0,"href":"https:\/\/www.sp.k12.tr\/fr\/wp-json\/wp\/v2\/posts\/5728\/revisions"}],"wp:attachment":[{"href":"https:\/\/www.sp.k12.tr\/fr\/wp-json\/wp\/v2\/media?parent=5728"}],"wp:term":[{"taxonomy":"category","embeddable":true,"href":"https:\/\/www.sp.k12.tr\/fr\/wp-json\/wp\/v2\/categories?post=5728"},{"taxonomy":"post_tag","embeddable":true,"href":"https:\/\/www.sp.k12.tr\/fr\/wp-json\/wp\/v2\/tags?post=5728"}],"curies":[{"name":"wp","href":"https:\/\/api.w.org\/{rel}","templated":true}]}}