{"id":57245,"date":"2023-09-01T20:33:36","date_gmt":"2023-09-01T17:33:36","guid":{"rendered":"https:\/\/www.sp.k12.tr\/?p=57245"},"modified":"2023-09-01T20:37:44","modified_gmt":"2023-09-01T17:37:44","slug":"nous-sommes-rentree-dans-lannee-scolaire-2023-2024-2023-2024-egitim-ogretim-yilina-adim-attik","status":"publish","type":"post","link":"https:\/\/www.sp.k12.tr\/fr\/nous-sommes-rentree-dans-lannee-scolaire-2023-2024-2023-2024-egitim-ogretim-yilina-adim-attik\/","title":{"rendered":"Nous sommes entr\u00e9s dans l&rsquo;ann\u00e9e scolaire 2023-2024 !"},"content":{"rendered":"<p>Une certaine \u00e9motion parcourait les rangs dans la cour ce matin, parmi les \u00e9l\u00e8ves mais aussi du c\u00f4t\u00e9 des parents\u2026 Une l\u00e9g\u00e8re appr\u00e9hension m\u00eal\u00e9e \u00e0 de la curiosit\u00e9 \u00e9tait palpable pour les \u00e9l\u00e8ves des classes pr\u00e9paratoires qui d\u00e9couvraient leur nouvelle \u00e9cole. Ils seront encadr\u00e9s durant tout ce mois gr\u00e2ce \u00e0 leur programme d\u2019int\u00e9gration et bient\u00f4t se sentiront chez eux au Lyc\u00e9e Sainte Pulch\u00e9rie. Pour la promotion de 12\u00e8me, cette rentr\u00e9e prend bien s\u00fbr un sens diff\u00e9rent car c&rsquo;est la derni\u00e8re de leur scolarit\u00e9.<\/p>\n<p>Mme Hermine Rid\u00e9, Directrice de l\u2019\u00e9tablissement, accompagn\u00e9e de Mme Min\u00e2 Akcen, Directrice adjointe turque, s\u2019est adress\u00e9e aux \u00e9l\u00e8ves et \u00e0 leurs parents. Voici un extrait de son discours :<\/p>\n<p><em><span style=\"font-weight: 400;\">\u00ab\u00a0Chers \u00e9l\u00e8ves, vous \u00eates le c\u0153ur de notre \u00e9cole. Cette ann\u00e9e, nous vous encourageons \u00e0 explorer, \u00e0 apprendre, \u00e0 grandir et \u00e0 vous \u00e9panouir. Chaque jour est une occasion de d\u00e9couvrir de nouvelles connaissances, de d\u00e9velopper de nouvelles comp\u00e9tences et de tisser des liens avec vos camarades. N&rsquo;ayez pas peur de poser des questions, d\u2019explorer de nouvelles id\u00e9es et de prendre des risques intellectuels. Vous \u00eates ici pour grandir et avancer sur tous les plans, et cela implique parfois de sortir de ses habitudes et de sa zone de confort.\u00a0\u00bb<\/span><\/em><\/p>\n<p>Dans son discours Mme Min\u00e2 s\u2019est quant \u00e0 elle exprim\u00e9e ainsi :<\/p>\n<p><em>\u00ab\u00a0Le Lyc\u00e9e Sainte Pulch\u00e9rie c&rsquo;est la richesse de la diff\u00e9rence, \u00eatre de Sainte Pulch\u00e9rie c&rsquo;est croire en la paix dans le pays et dans le monde, c&rsquo;est une exp\u00e9rience d&rsquo;\u00e9ducation o\u00f9 l&rsquo;exp\u00e9rimentation a toute sa place, c&rsquo;est savoir exprimer ce que l&rsquo;on ressent et comprendre \u00e0 quel point la libert\u00e9 d&rsquo;expression est pr\u00e9cieuse. Etre de Sainte Pulch\u00e9rie c&rsquo;est \u00eatre partie prenante et repr\u00e9sentant d\u2019une histoire de l&rsquo;\u00e9ducation, une tradition vieille de 177 ans. (&#8230;) Cette ann\u00e9e est aussi porteuse d&rsquo;une autre grande signification, nous c\u00e9l\u00e9brerons le 100e anniversaire de notre R\u00e9publique avec enthousiasme, conscience et courage.\u00a0\u00bb<\/em><\/p>\n<p>&nbsp;<\/p>\n","protected":false},"excerpt":{"rendered":"<p>Une certaine \u00e9motion parcourait les rangs dans la cour ce matin, parmi les \u00e9l\u00e8ves mais aussi du c\u00f4t\u00e9 des parents\u2026 Une l\u00e9g\u00e8re appr\u00e9hension m\u00eal\u00e9e \u00e0 de la curiosit\u00e9 \u00e9tait palpable pour les \u00e9l\u00e8ves des classes pr\u00e9paratoires qui d\u00e9couvraient leur nouvelle [&hellip;]<\/p>\n","protected":false},"author":1,"featured_media":57282,"comment_status":"open","ping_status":"open","sticky":false,"template":"post-template.php","format":"gallery","meta":{"_monsterinsights_skip_tracking":false,"_monsterinsights_sitenote_active":false,"_monsterinsights_sitenote_note":"","_monsterinsights_sitenote_category":0,"footnotes":""},"categories":[52,425],"tags":[],"class_list":["post-57245","post","type-post","status-publish","format-gallery","has-post-thumbnail","hentry","category-ceremonies-et-histoire","category-slayt","post_format-post-format-gallery"],"_links":{"self":[{"href":"https:\/\/www.sp.k12.tr\/fr\/wp-json\/wp\/v2\/posts\/57245","targetHints":{"allow":["GET"]}}],"collection":[{"href":"https:\/\/www.sp.k12.tr\/fr\/wp-json\/wp\/v2\/posts"}],"about":[{"href":"https:\/\/www.sp.k12.tr\/fr\/wp-json\/wp\/v2\/types\/post"}],"author":[{"embeddable":true,"href":"https:\/\/www.sp.k12.tr\/fr\/wp-json\/wp\/v2\/users\/1"}],"replies":[{"embeddable":true,"href":"https:\/\/www.sp.k12.tr\/fr\/wp-json\/wp\/v2\/comments?post=57245"}],"version-history":[{"count":0,"href":"https:\/\/www.sp.k12.tr\/fr\/wp-json\/wp\/v2\/posts\/57245\/revisions"}],"wp:featuredmedia":[{"embeddable":true,"href":"https:\/\/www.sp.k12.tr\/fr\/wp-json\/wp\/v2\/media\/57282"}],"wp:attachment":[{"href":"https:\/\/www.sp.k12.tr\/fr\/wp-json\/wp\/v2\/media?parent=57245"}],"wp:term":[{"taxonomy":"category","embeddable":true,"href":"https:\/\/www.sp.k12.tr\/fr\/wp-json\/wp\/v2\/categories?post=57245"},{"taxonomy":"post_tag","embeddable":true,"href":"https:\/\/www.sp.k12.tr\/fr\/wp-json\/wp\/v2\/tags?post=57245"}],"curies":[{"name":"wp","href":"https:\/\/api.w.org\/{rel}","templated":true}]}}