{"id":5721,"date":"2015-10-27T20:19:28","date_gmt":"2015-10-27T17:19:28","guid":{"rendered":"https:\/\/www.sp.k12.tr\/?p=5721"},"modified":"2019-12-26T20:19:53","modified_gmt":"2019-12-26T17:19:53","slug":"nos-eleves-rencontrent-lartiste-daniel-buren","status":"publish","type":"post","link":"https:\/\/www.sp.k12.tr\/fr\/nos-eleves-rencontrent-lartiste-daniel-buren\/","title":{"rendered":"Nos \u00e9l\u00e8ves rencontrent l\u2019artiste Daniel Buren"},"content":{"rendered":"<p>Les \u00ab\u00a0Journ\u00e9es Artistiques d\u2019EgeArt\u00a0\u00bb sont organis\u00e9es traditionnellement depuis 2010 par l\u2019association de \u00ab\u00a0Yarat\u0131c\u0131 \u00c7ocuklar Derne\u011fi\u00a0\u00bb. Cette association a pour mission de de stimuler la cr\u00e9ativit\u00e9 des nouvelles g\u00e9n\u00e9rations en leur transmettant un h\u00e9ritage culturel. Pour plus d\u2019informations,\u00a0<a class=\"spip_out\" href=\"http:\/\/www.yaraticicocuklardernegi.org\/hakkimizda.asp\" rel=\"external\">cliquez ici<\/a>.<\/p>\n<p>Le jeudi 22 octobre dernier, pendant la conf\u00e9rence donn\u00e9e dans la galerie historique de Ma\u00e7ka Sanat, Daniel Buren a retrac\u00e9 l\u2019\u00e9volution de son parcours artistique depuis les ann\u00e9es 70 \u00e0 aujourd\u2019hui. Il a biens\u00fbr \u00e9voqu\u00e9 ses fameuses rayures et expliqu\u00e9 comment il a investi les espaces avec ses \u0153uvres hors du commun travaillant sur le principe d\u2019installations \u00ab\u00a0in situ\u00a0\u00bb.<\/p>\n<p>\u00ab\u00a0Tout est art et l\u2019art est partout\u00a0\u00bb dit Daniel Buren qui a expos\u00e9 dans les espaces publics mais qui a aussi pr\u00e9sent\u00e9 ses installations dans les plus grands centres d\u2019art du monde comme MoMA, le Mus\u00e9e d\u2019art contemporain de Touko \u00e0 Tokyo, le Guggenheim, le Mus\u00e9e du Louvre et le Palais Royal en France&#8230;<\/p>\n<p>C\u2019est pour le Lyc\u00e9e Sainte Pulch\u00e9rie une seconde occasion d\u2019\u00e9changes avec Daniel Buren qui \u00e9tait l\u2019invit\u00e9 d\u2019honneur de notre concours \u00ab\u00a0Jeunes artistes contemporains de Turquie, nouvelle g\u00e9n\u00e9ration\u00a0\u00bb organis\u00e9 en mars dernier en collaboration avec la galerie Ma\u00e7ka Sanat. Pour plus d\u2019informations sur ce concours\u00a0<a class=\"spip_in\" href=\"https:\/\/www.sp.k12.tr\/francais\/evenements\/2014-2015\/concours\/jeunes-artistes-contemporains-de\/article\/un-concours-d-art-ouvert-a-tous\">cliquez ici<\/a>.<\/p>\n","protected":false},"excerpt":{"rendered":"<p>Les \u00ab\u00a0Journ\u00e9es Artistiques d\u2019EgeArt\u00a0\u00bb sont organis\u00e9es traditionnellement depuis 2010 par l\u2019association de \u00ab\u00a0Yarat\u0131c\u0131 \u00c7ocuklar Derne\u011fi\u00a0\u00bb. Cette association a pour mission de de stimuler la cr\u00e9ativit\u00e9 des nouvelles g\u00e9n\u00e9rations en leur transmettant un h\u00e9ritage culturel. Pour plus d\u2019informations,\u00a0cliquez ici. Le jeudi [&hellip;]<\/p>\n","protected":false},"author":1,"featured_media":0,"comment_status":"open","ping_status":"open","sticky":false,"template":"","format":"standard","meta":{"_monsterinsights_skip_tracking":false,"_monsterinsights_sitenote_active":false,"_monsterinsights_sitenote_note":"","_monsterinsights_sitenote_category":0,"footnotes":""},"categories":[55],"tags":[],"class_list":["post-5721","post","type-post","status-publish","format-standard","hentry","category-rencontres"],"_links":{"self":[{"href":"https:\/\/www.sp.k12.tr\/fr\/wp-json\/wp\/v2\/posts\/5721","targetHints":{"allow":["GET"]}}],"collection":[{"href":"https:\/\/www.sp.k12.tr\/fr\/wp-json\/wp\/v2\/posts"}],"about":[{"href":"https:\/\/www.sp.k12.tr\/fr\/wp-json\/wp\/v2\/types\/post"}],"author":[{"embeddable":true,"href":"https:\/\/www.sp.k12.tr\/fr\/wp-json\/wp\/v2\/users\/1"}],"replies":[{"embeddable":true,"href":"https:\/\/www.sp.k12.tr\/fr\/wp-json\/wp\/v2\/comments?post=5721"}],"version-history":[{"count":0,"href":"https:\/\/www.sp.k12.tr\/fr\/wp-json\/wp\/v2\/posts\/5721\/revisions"}],"wp:attachment":[{"href":"https:\/\/www.sp.k12.tr\/fr\/wp-json\/wp\/v2\/media?parent=5721"}],"wp:term":[{"taxonomy":"category","embeddable":true,"href":"https:\/\/www.sp.k12.tr\/fr\/wp-json\/wp\/v2\/categories?post=5721"},{"taxonomy":"post_tag","embeddable":true,"href":"https:\/\/www.sp.k12.tr\/fr\/wp-json\/wp\/v2\/tags?post=5721"}],"curies":[{"name":"wp","href":"https:\/\/api.w.org\/{rel}","templated":true}]}}