{"id":55217,"date":"2023-06-05T16:01:48","date_gmt":"2023-06-05T13:01:48","guid":{"rendered":"https:\/\/www.sp.k12.tr\/?p=55217"},"modified":"2023-06-05T16:11:46","modified_gmt":"2023-06-05T13:11:46","slug":"identite-et-lien-social-les-regards-croises-distanbul-et-meknes-au-maroc","status":"publish","type":"post","link":"https:\/\/www.sp.k12.tr\/fr\/identite-et-lien-social-les-regards-croises-distanbul-et-meknes-au-maroc\/","title":{"rendered":"\u00ab\u00a0Identit\u00e9 et lien social\u00a0\u00bb : les regards crois\u00e9s d\u2019Istanbul et Mekn\u00e8s au Maroc"},"content":{"rendered":"<p><span style=\"font-weight: 400;\">Les \u00e9l\u00e8ves ont tout d\u2019abord r\u00e9fl\u00e9chi aux concepts de valeurs et de normes, puis \u00e0 la notion de pr\u00e9jug\u00e9s envers un pays et une culture autres. <\/span><span style=\"font-weight: 400;\">Puis, en groupes turco-marocains, ils ont r\u00e9alis\u00e9 des photo-reportages r\u00e9pondant aux crit\u00e8res du concours <\/span><a href=\"https:\/\/www.education.gouv.fr\/concours-mediatiks-7409\"><span style=\"font-weight: 400;\">M\u00e9diatiks<\/span><\/a><span style=\"font-weight: 400;\">.\u00a0<\/span><\/p>\n<p><span style=\"font-weight: 400;\">L\u2019\u00e9change a \u00e9t\u00e9 cl\u00f4tur\u00e9 par une visioconf\u00e9rence le 25 mai, l\u2019occasion de faire un bilan sur cette exp\u00e9rience et de partager certaines productions.\u00a0<\/span><\/p>\n<p><span style=\"font-weight: 400;\">Voici quelques t\u00e9moignages d\u2019\u00e9l\u00e8ves :<\/span><\/p>\n<p><b><i>Les similarit\u00e9s entre Istanbul et Mekn\u00e8s\u00a0<br \/>\n<\/i><\/b><span style=\"font-weight: 400;\">Les similarit\u00e9s entre les deux soci\u00e9t\u00e9s \u00e9taient vraiment frappantes. Il s\u2019agit d\u2019une grande ressemblance au niveau des valeurs soci\u00e9tales telles que la solidarit\u00e9, la fraternit\u00e9 et la sinc\u00e9rit\u00e9. En effet, l\u2019approche vers les petits \u00e9tait pleine d\u2019amour et celle vers les grands \u00e9tait pleine de respect. <\/span><span style=\"font-weight: 400;\"><br \/>\n<\/span><span style=\"font-weight: 400;\">De plus, j\u2019ai l\u2019impression que la mani\u00e8re dont on s\u2019amuse porte vraiment des traces communes. Les f\u00eates, les costumes et les danses traditionnelles m\u2019ont rappel\u00e9 les n\u00f4tres. <\/span><span style=\"font-weight: 400;\"><br \/>\n<\/span><span style=\"font-weight: 400;\">En outre, il est possible de remarquer les similarit\u00e9s au niveau architectural et artistique telles que les motifs utilis\u00e9s dans les mosqu\u00e9es et les monuments historiques. <\/span><span style=\"font-weight: 400;\"><br \/>\n<\/span><span style=\"font-weight: 400;\">Enfin, ce sont les grands signes qui nous montrent que nous n\u2019appartenons qu&rsquo;\u00e0 un seul monde et que nous sommes unis.<\/span><\/p>\n<p><span style=\"font-weight: 400;\">Ege B &#8211; 11A<\/span><\/p>\n<p>&nbsp;<\/p>\n<p><b><i>Les diff\u00e9rences<br \/>\n<\/i><\/b><span style=\"font-weight: 400;\">Gr\u00e2ce \u00e0 ce projet, chacun de nous a appris \u00e0 conna\u00eetre de pr\u00e8s un pays, une culture, une nation et une texture diff\u00e9rents. De cette fa\u00e7on, pas \u00e0 pas, je pense que nous avons observ\u00e9 les diff\u00e9rences entre les deux cultures. \u00c0 titre d\u2019 exemple, mon sujet \u00e9tait \u00ab\u00a0L&rsquo;artisanat\u00a0\u00bb.\u00a0 En ce qui me concerne, l&rsquo;artisanat est la base d&rsquo;un produit, c&rsquo;est-\u00e0-dire fondamentalement d&rsquo;une culture et une nation. Parce que, l\u00e0, il a un sens historique, textural, sensuel, coloristique tout diff\u00e9rent&#8230; Gr\u00e2ce \u00e0 cet \u00e9v\u00e9nement, comme tous mes autres amis, j&rsquo;ai vu le c\u0153ur le plus intime d&rsquo;un autre pays et j&rsquo;ai \u00e9t\u00e9 t\u00e9moin de nombreuses diff\u00e9rences. En fait, pour moi, c&rsquo;est la combinaison de ces diff\u00e9rences qui rend chaque culture sp\u00e9ciale.\u00a0<\/span><\/p>\n<p><span style=\"font-weight: 400;\">Selin Y &#8211; 11B<\/span><\/p>\n<p>&nbsp;<\/p>\n<p><b><i>La communication entre nous\u00a0<br \/>\n<\/i><\/b><span style=\"font-weight: 400;\">La communication entre les correspondants \u00e9tait telle que nous ne sentions pas les kilom\u00e8tres qui nous s\u00e9paraient. La partie mobilis\u00e9e pour \u00e9tablir le contact n&rsquo;est jamais rest\u00e9e la m\u00eame: par exemple si j\u2019ai contact\u00e9 mon correspondant une fois, c\u2019\u00e9tait lui qui m\u2019\u00e9crivait la prochaine fois. Chaque dialogue que nous avons \u00e9tabli nous a permis de faire un pas en avant dans notre projet. Les projets issus de ces dialogues sont absolument le produit d&rsquo;un \u00e9change culturel puisqu\u2019\u00e0 la fin, aucun projet n\u2019avait \u00e9t\u00e9 cr\u00e9\u00e9 par uniquement les id\u00e9es d\u2019une seule personne mais tous les correspondants des deux nationalit\u00e9s. Nous croyons que tout \u00e7a, c\u2019\u00e9tait quelque chose d\u2019adorable au niveau de la communication et nous vous en remercions.<\/span><\/p>\n<p><span style=\"font-weight: 400;\">\u0130klim G &#8211; 11A<\/span><\/p>\n<p>&nbsp;<\/p>\n<p><b><i>Qu\u2019est-ce qu\u2019on a ressenti en faisant ce projet d\u2019\u00e9change ?<br \/>\n<\/i><\/b><span style=\"font-weight: 400;\">Avant de commencer notre projet, nous \u00e9tions tous tr\u00e8s excit\u00e9s et curieux d\u2019apprendre \u00e0 la fois une ville et une culture diff\u00e9rente. Nous pensons que gr\u00e2ce \u00e0 ce projet, nous nous sommes tous am\u00e9lior\u00e9s culturellement. Ainsi, pendant notre \u00e9change, nous avons l\u2019occasion de\u00a0 nous faire de nouvelles amiti\u00e9s internationales. Enfin, c&rsquo;\u00e9tait un projet d\u2019\u00e9change qui \u00e9tait inhabituel de nos projets scolaires, en effet, il s\u2019agit d\u2019un processus tr\u00e8s agr\u00e9able et inoubliable pour nous tous. De surcro\u00eet, nous sommes vraiment contents de vous communiquer et de vous conna\u00eetre. Nous remercions tous nos correspondants et nos enseignants pour nous permettre de concr\u00e9tiser ce projet.\u00a0<\/span><\/p>\n<p><span style=\"font-weight: 400;\">Defne \u00d6 &#8211; 11B<\/span><\/p>\n<p>&nbsp;<\/p>\n<p><span style=\"font-weight: 400;\">Par ailleurs, deux groupes ont eu l\u2019heureuse surprise de voir leur <\/span><span style=\"font-weight: 400;\">photo-reportage<\/span><span style=\"font-weight: 400;\"> prim\u00e9.\u00a0<\/span><\/p>\n<p>&nbsp;<\/p>\n<ul>\n<li><span style=\"font-weight: 400;\"> \u00c7a\u011fan G, Irmak et Sena (11B) sont laur\u00e9ats du prix \u201ccoup de coeur\u201d acad\u00e9mique avec leur <\/span><b>reportage-photos sur le street-art \u00e0 Istanbul<\/b><span style=\"font-weight: 400;\">. <\/span><a href=\"https:\/\/nuage03.apps.education.fr\/index.php\/s\/GPcAkmSxmDmQqww\"><b>\u00abQuand l\u2019art s\u2019invite dans la rue\u00bb\u00a0<\/b><\/a><\/li>\n<\/ul>\n<p>&nbsp;<\/p>\n<ul>\n<li><span style=\"font-weight: 400;\">G\u00fclin et Arda (11A) et Lina (Mekn\u00e8s) sont laur\u00e9ats du \u2018\u2019premier prix acad\u00e9mique\u2019\u2019 avec leur <\/span><b>reportage-photos sur le contraste entre tradition et modernit\u00e9 dans leurs villes respectives<\/b><span style=\"font-weight: 400;\">.<\/span> <a href=\"https:\/\/nuage03.apps.education.fr\/index.php\/s\/MP2FnagD78CMTZw\"><b>\u00abTradition et culture dans le paysage urbain\u00bb<\/b><b>\u00a0<\/b><\/a><\/li>\n<\/ul>\n<p>&nbsp;<\/p>\n<p><span style=\"font-weight: 400;\">\u00ab\u00a0Nous avons pass\u00e9 environ 5 heures pour terminer ce projet mais \u00e0 mon avis c&rsquo;est pass\u00e9 tr\u00e8s vite gr\u00e2ce \u00e0 Lina. Elle est vraiment sympathique et j&rsquo;ai l&rsquo;impression que nous nous sommes bien connect\u00e9s. Je suis tr\u00e8s heureuse de me faire une amie comme elle pendant ce projet.<\/span><\/p>\n<p><span style=\"font-weight: 400;\">M\u00eame s&rsquo;il \u00e9tait difficile de trouver des photos similaires et de les lier avec des histoires, je crois que nous avons r\u00e9ussi \u00e0 cr\u00e9er un projet qui capture diff\u00e9rents aspects des deux pays.\u00a0\u00bb<\/span><\/p>\n<p><span style=\"font-weight: 400;\">G\u00fclin K &#8211; 11A\u00a0<\/span><\/p>\n<p><span style=\"font-weight: 400;\">&#8212;&#8212;&#8212;&#8212;&#8212;-<\/span><\/p>\n<p><span style=\"font-weight: 400;\"><br \/>\n<\/span><span style=\"font-weight: 400;\">Retrouvez le palmar\u00e8s de M\u00e9diatiks International 2023 en suivant ce lien : <\/span><a href=\"https:\/\/www.clemi.fr\/fr\/mediatiks\/concours-academiques\/mediatiks-international.html\"><span style=\"font-weight: 400;\">https:\/\/www.clemi.fr\/fr\/mediatiks\/concours-academiques\/mediatiks-international.html<\/span><\/a><span style=\"font-weight: 400;\">\u00a0<\/span><\/p>\n<p>&nbsp;<\/p>\n<p><span style=\"font-weight: 400;\">Retrouvez le palmar\u00e8s national de M\u00e9diatiks 2023 en suivant ce lien :\u00a0<\/span><\/p>\n<p><a href=\"https:\/\/www.clemi.fr\/fr\/evenements\/concours\/mediatiks.html#photo\"><span style=\"font-weight: 400;\">https:\/\/www.clemi.fr\/fr\/evenements\/concours\/mediatiks.html#photo<\/span><\/a> <span style=\"font-weight: 400;\"><\/p>\n<p><\/span><\/p>\n","protected":false},"excerpt":{"rendered":"<p>Les \u00e9l\u00e8ves ont tout d\u2019abord r\u00e9fl\u00e9chi aux concepts de valeurs et de normes, puis \u00e0 la notion de pr\u00e9jug\u00e9s envers un pays et une culture autres. Puis, en groupes turco-marocains, ils ont r\u00e9alis\u00e9 des photo-reportages r\u00e9pondant aux crit\u00e8res du concours [&hellip;]<\/p>\n","protected":false},"author":1,"featured_media":55228,"comment_status":"open","ping_status":"open","sticky":false,"template":"post-template.php","format":"gallery","meta":{"_monsterinsights_skip_tracking":false,"_monsterinsights_sitenote_active":false,"_monsterinsights_sitenote_note":"","_monsterinsights_sitenote_category":0,"footnotes":""},"categories":[425,57],"tags":[],"class_list":["post-55217","post","type-post","status-publish","format-gallery","has-post-thumbnail","hentry","category-slayt","category-travaux-des-eleves","post_format-post-format-gallery"],"_links":{"self":[{"href":"https:\/\/www.sp.k12.tr\/fr\/wp-json\/wp\/v2\/posts\/55217","targetHints":{"allow":["GET"]}}],"collection":[{"href":"https:\/\/www.sp.k12.tr\/fr\/wp-json\/wp\/v2\/posts"}],"about":[{"href":"https:\/\/www.sp.k12.tr\/fr\/wp-json\/wp\/v2\/types\/post"}],"author":[{"embeddable":true,"href":"https:\/\/www.sp.k12.tr\/fr\/wp-json\/wp\/v2\/users\/1"}],"replies":[{"embeddable":true,"href":"https:\/\/www.sp.k12.tr\/fr\/wp-json\/wp\/v2\/comments?post=55217"}],"version-history":[{"count":0,"href":"https:\/\/www.sp.k12.tr\/fr\/wp-json\/wp\/v2\/posts\/55217\/revisions"}],"wp:featuredmedia":[{"embeddable":true,"href":"https:\/\/www.sp.k12.tr\/fr\/wp-json\/wp\/v2\/media\/55228"}],"wp:attachment":[{"href":"https:\/\/www.sp.k12.tr\/fr\/wp-json\/wp\/v2\/media?parent=55217"}],"wp:term":[{"taxonomy":"category","embeddable":true,"href":"https:\/\/www.sp.k12.tr\/fr\/wp-json\/wp\/v2\/categories?post=55217"},{"taxonomy":"post_tag","embeddable":true,"href":"https:\/\/www.sp.k12.tr\/fr\/wp-json\/wp\/v2\/tags?post=55217"}],"curies":[{"name":"wp","href":"https:\/\/api.w.org\/{rel}","templated":true}]}}