{"id":54781,"date":"2023-06-01T15:51:35","date_gmt":"2023-06-01T12:51:35","guid":{"rendered":"https:\/\/www.sp.k12.tr\/?p=54781"},"modified":"2023-06-06T12:04:32","modified_gmt":"2023-06-06T09:04:32","slug":"3-2-1-kayit-conference-tedx-a-saint-pulcherie","status":"publish","type":"post","link":"https:\/\/www.sp.k12.tr\/fr\/3-2-1-kayit-conference-tedx-a-saint-pulcherie\/","title":{"rendered":"\u00ab\u00a03-2-1 Kay\u0131t !\u00a0\u00bb Conf\u00e9rence TEDx \u00e0 Saint Pulch\u00e9rie"},"content":{"rendered":"<p><span style=\"font-weight: 400;\">\u00ab\u00a0Pour la conf\u00e9rence \u00ab\u00a03-2-1 Kay\u0131t !\u00a0\u00bb\u00a0 que nous avons organis\u00e9 avec notre club TEDx Sainte Pulch\u00e9rie, que nous pr\u00e9sidons cette ann\u00e9e, nous avons s\u00e9lectionn\u00e9 4 intervenants nomm\u00e9s Berna La\u00e7in, Ertu\u011frul M\u00fcyessero\u011flu, Erkan Saka et Mahperi Altun U\u00e7ar. Nous avons accueilli Mme Mahperi et M. Erkan sur Internet et Mme Ertu\u011frul et Mme Berna en face \u00e0 face dans la salle de conf\u00e9rence de notre \u00e9cole. Notre conf\u00e9rence, qui a dur\u00e9 de 10h00 \u00e0 14h15, a r\u00e9uni un public de 85 personnes.<\/span><\/p>\n<p>&nbsp;<\/p>\n<p><span style=\"font-weight: 400;\">Lors de notre conf\u00e9rence parrain\u00e9e par \u00dclker et l&rsquo;Universit\u00e9 de Bah\u00e7e\u015fehir, nous avons essay\u00e9 d&rsquo;aborder les questions li\u00e9es aux m\u00e9dias traditionnels et alternatifs: des m\u00e9dias et du journalisme aux nouveaux m\u00e9dias, de la libert\u00e9 d&rsquo;expression aux fondements des m\u00e9dias traditionnels et alternatifs, de la relation entre les m\u00e9dias et la soci\u00e9t\u00e9, de la face non r\u00e9fl\u00e9chie des m\u00e9dias et de l&rsquo;impact des d\u00e9veloppements technologiques sur les m\u00e9dias aux limites des m\u00e9dias&#8230;<\/span><\/p>\n<p>&nbsp;<\/p>\n<p><span style=\"font-weight: 400;\">En vue de notre conf\u00e9rence du 29 avril, nous avons con\u00e7u et imprim\u00e9 des t-shirts TEDx Sainte Pulch\u00e9rie pour nos co\u00e9quipiers avec le comit\u00e9 de conception de notre club. Parall\u00e8lement, nous avons pr\u00e9par\u00e9 des badges sp\u00e9ciaux pour les participants et les organisateurs avec le comit\u00e9 des m\u00e9dias sociaux. Nos conf\u00e9renciers, avec qui nous avons \u00e9chang\u00e9 avec notre comit\u00e9 de communication, ont \u00e9t\u00e9 pr\u00e9sent\u00e9s sur sc\u00e8ne par nos amis de notre comit\u00e9 d\u2019organisation. Sur notre compte Instagram TEDx Sainte Pulch\u00e9rie, nous avons partag\u00e9 les enregistrements et les photos de notre conf\u00e9rence et nous pr\u00e9voyons de partager l&rsquo;enregistrement de notre conf\u00e9rence sur le compte YouTube de notre club d\u00e8s que possible.<\/span><\/p>\n<p>&nbsp;<\/p>\n<p><span style=\"font-weight: 400;\">Nous tenons \u00e0 remercier Mme Rid\u00e9, Mme Carole, M. Thomas, Mme Ceyda et Mme. Dilek qui nous ont accompagn\u00e9s et soutenus tout au long de cette d\u00e9marche ainsi que tous nos amis du club qui nous ont aid\u00e9s \u00e0\u00a0 concr\u00e9tiser notre projet !<\/span><\/p>\n<p>&nbsp;<\/p>\n<p><span style=\"font-weight: 400;\">Rendez-vous \u00e0 nos prochaines conf\u00e9rences !\u00a0\u00bb<\/span><\/p>\n<p>&nbsp;<\/p>\n<p><span style=\"font-weight: 400;\">TEDx Sainte Pulch\u00e9rie co-pr\u00e9sidente Azra T. et Ya\u011fmur Helin Y<\/span><\/p>\n<p>&nbsp;<\/p>\n","protected":false},"excerpt":{"rendered":"<p>\u00ab\u00a0Pour la conf\u00e9rence \u00ab\u00a03-2-1 Kay\u0131t !\u00a0\u00bb\u00a0 que nous avons organis\u00e9 avec notre club TEDx Sainte Pulch\u00e9rie, que nous pr\u00e9sidons cette ann\u00e9e, nous avons s\u00e9lectionn\u00e9 4 intervenants nomm\u00e9s Berna La\u00e7in, Ertu\u011frul M\u00fcyessero\u011flu, Erkan Saka et Mahperi Altun U\u00e7ar. Nous avons accueilli [&hellip;]<\/p>\n","protected":false},"author":1,"featured_media":54862,"comment_status":"open","ping_status":"open","sticky":false,"template":"post-template.php","format":"gallery","meta":{"_monsterinsights_skip_tracking":false,"_monsterinsights_sitenote_active":false,"_monsterinsights_sitenote_note":"","_monsterinsights_sitenote_category":0,"footnotes":""},"categories":[55,425,57],"tags":[],"class_list":["post-54781","post","type-post","status-publish","format-gallery","has-post-thumbnail","hentry","category-rencontres","category-slayt","category-travaux-des-eleves","post_format-post-format-gallery"],"_links":{"self":[{"href":"https:\/\/www.sp.k12.tr\/fr\/wp-json\/wp\/v2\/posts\/54781","targetHints":{"allow":["GET"]}}],"collection":[{"href":"https:\/\/www.sp.k12.tr\/fr\/wp-json\/wp\/v2\/posts"}],"about":[{"href":"https:\/\/www.sp.k12.tr\/fr\/wp-json\/wp\/v2\/types\/post"}],"author":[{"embeddable":true,"href":"https:\/\/www.sp.k12.tr\/fr\/wp-json\/wp\/v2\/users\/1"}],"replies":[{"embeddable":true,"href":"https:\/\/www.sp.k12.tr\/fr\/wp-json\/wp\/v2\/comments?post=54781"}],"version-history":[{"count":0,"href":"https:\/\/www.sp.k12.tr\/fr\/wp-json\/wp\/v2\/posts\/54781\/revisions"}],"wp:featuredmedia":[{"embeddable":true,"href":"https:\/\/www.sp.k12.tr\/fr\/wp-json\/wp\/v2\/media\/54862"}],"wp:attachment":[{"href":"https:\/\/www.sp.k12.tr\/fr\/wp-json\/wp\/v2\/media?parent=54781"}],"wp:term":[{"taxonomy":"category","embeddable":true,"href":"https:\/\/www.sp.k12.tr\/fr\/wp-json\/wp\/v2\/categories?post=54781"},{"taxonomy":"post_tag","embeddable":true,"href":"https:\/\/www.sp.k12.tr\/fr\/wp-json\/wp\/v2\/tags?post=54781"}],"curies":[{"name":"wp","href":"https:\/\/api.w.org\/{rel}","templated":true}]}}