{"id":54219,"date":"2023-04-26T14:44:54","date_gmt":"2023-04-26T11:44:54","guid":{"rendered":"https:\/\/www.sp.k12.tr\/?p=54219"},"modified":"2023-04-26T14:54:41","modified_gmt":"2023-04-26T11:54:41","slug":"ce-mois-ci-la-serie-de-seminaires-soz-parole-aborde-le-theme-de-laddiction","status":"publish","type":"post","link":"https:\/\/www.sp.k12.tr\/fr\/ce-mois-ci-la-serie-de-seminaires-soz-parole-aborde-le-theme-de-laddiction\/","title":{"rendered":"Ce mois-ci la s\u00e9rie de s\u00e9minaires S\u00f6z&#038;Parole aborde le th\u00e8me de l\u2019addiction"},"content":{"rendered":"<p><span style=\"font-weight: 400;\">Le mercredi 12 avril, nos \u00e9l\u00e8ves ont d&rsquo;abord rencontr\u00e9 Elif Mutlu, conseill\u00e8re clinique \u00e0 l&rsquo;H\u00f4pital La Paix.<\/span><\/p>\n<p><span style=\"font-weight: 400;\">Dans ce s\u00e9minaire, l\u2019intervenante a donn\u00e9 des informations sur les effets de la d\u00e9pendance sur le cerveau, les fausses id\u00e9es sur les addictions, les effets de l\u2019addiction sur la sant\u00e9 et le comportement \u00e0 long terme, les facteurs de risque, les facteurs de pr\u00e9vention et ce qui doit \u00eatre fait pour mener une vie saine. A la fin de la conf\u00e9rence, elle a r\u00e9pondu aux questions de nos \u00e9l\u00e8ves sur les sujets qui les int\u00e9ressaient.<\/span><\/p>\n<p><span style=\"font-weight: 400;\">Dans la soir\u00e9e du m\u00eame jour, Elif Mutlu est venue \u00e0 la rencontre des parents d\u2019\u00e9l\u00e8ves et a donn\u00e9 des informations sur les approches actuelles de la d\u00e9pendance \u00e0 l&rsquo;adolescence.<\/span><\/p>\n<p><span style=\"font-weight: 400;\">Nous esp\u00e9rons que nos s\u00e9minaires S\u00f6z&amp;Parole seront b\u00e9n\u00e9fiques pour nos \u00e9l\u00e8ves et leurs parents et nous remercions la psychologue clinicienne Elif Mutlu pour sa pr\u00e9cieuse contribution.\u00a0<\/span><\/p>\n<p>&nbsp;<\/p>\n","protected":false},"excerpt":{"rendered":"<p>Le mercredi 12 avril, nos \u00e9l\u00e8ves ont d&rsquo;abord rencontr\u00e9 Elif Mutlu, conseill\u00e8re clinique \u00e0 l&rsquo;H\u00f4pital La Paix. Dans ce s\u00e9minaire, l\u2019intervenante a donn\u00e9 des informations sur les effets de la d\u00e9pendance sur le cerveau, les fausses id\u00e9es sur les addictions, [&hellip;]<\/p>\n","protected":false},"author":1,"featured_media":54240,"comment_status":"open","ping_status":"open","sticky":false,"template":"post-template.php","format":"gallery","meta":{"_monsterinsights_skip_tracking":false,"_monsterinsights_sitenote_active":false,"_monsterinsights_sitenote_note":"","_monsterinsights_sitenote_category":0,"footnotes":""},"categories":[55,425],"tags":[],"class_list":["post-54219","post","type-post","status-publish","format-gallery","has-post-thumbnail","hentry","category-rencontres","category-slayt","post_format-post-format-gallery"],"_links":{"self":[{"href":"https:\/\/www.sp.k12.tr\/fr\/wp-json\/wp\/v2\/posts\/54219","targetHints":{"allow":["GET"]}}],"collection":[{"href":"https:\/\/www.sp.k12.tr\/fr\/wp-json\/wp\/v2\/posts"}],"about":[{"href":"https:\/\/www.sp.k12.tr\/fr\/wp-json\/wp\/v2\/types\/post"}],"author":[{"embeddable":true,"href":"https:\/\/www.sp.k12.tr\/fr\/wp-json\/wp\/v2\/users\/1"}],"replies":[{"embeddable":true,"href":"https:\/\/www.sp.k12.tr\/fr\/wp-json\/wp\/v2\/comments?post=54219"}],"version-history":[{"count":0,"href":"https:\/\/www.sp.k12.tr\/fr\/wp-json\/wp\/v2\/posts\/54219\/revisions"}],"wp:featuredmedia":[{"embeddable":true,"href":"https:\/\/www.sp.k12.tr\/fr\/wp-json\/wp\/v2\/media\/54240"}],"wp:attachment":[{"href":"https:\/\/www.sp.k12.tr\/fr\/wp-json\/wp\/v2\/media?parent=54219"}],"wp:term":[{"taxonomy":"category","embeddable":true,"href":"https:\/\/www.sp.k12.tr\/fr\/wp-json\/wp\/v2\/categories?post=54219"},{"taxonomy":"post_tag","embeddable":true,"href":"https:\/\/www.sp.k12.tr\/fr\/wp-json\/wp\/v2\/tags?post=54219"}],"curies":[{"name":"wp","href":"https:\/\/api.w.org\/{rel}","templated":true}]}}