{"id":52614,"date":"2023-03-25T10:34:40","date_gmt":"2023-03-25T07:34:40","guid":{"rendered":"https:\/\/www.sp.k12.tr\/?p=52614"},"modified":"2023-03-25T10:34:40","modified_gmt":"2023-03-25T07:34:40","slug":"echange-scolaire-sous-le-ciel-de-paris","status":"publish","type":"post","link":"https:\/\/www.sp.k12.tr\/fr\/echange-scolaire-sous-le-ciel-de-paris\/","title":{"rendered":"Echange scolaire sous le ciel de Paris"},"content":{"rendered":"<p><em>Fluctuat nec mergitur<\/em>. \u00ab\u00a0Battue par les flots, elle ne sombre pas\u00a0\u00bb.<\/p>\n<p>La c\u00e9l\u00e8bre devise de Paris fut celle de notre groupe d&rsquo;\u00e9l\u00e8ves pendant leur s\u00e9jour.\u00a0<br \/>\nNi les gr\u00e8ves, ni la pluie, ni le froid venteux n&rsquo;ont eu raison de leur enthousiasme. Les manifestations&#8230; de bonne humeur furent nombreuses !<\/p>\n<p>Nos trente \u00e9l\u00e8ves de 10\u00e8me ont ainsi pu d\u00e9ambuler dans les rues de Paris et d\u00e9couvrir les tr\u00e9sors du Petit Palais, v\u00e9ritable \u00e9crin situ\u00e9 entre les Champs Elys\u00e9es et la Seine. Le 8 mars, journ\u00e9e internationale des femmes, a \u00e9t\u00e9 c\u00e9l\u00e9br\u00e9 dignement en rendant hommage aux h\u00e9ro\u00efnes du Quartier Latin : Marie Curie, Jos\u00e9phine Baker, Simone Veil et Simone de Beauvoir notamment. La chapelle de la m\u00e9daille miraculeuse &#8211; qui dessert la Maison des Filles de la Charit\u00e9 &#8211; a accueilli chaleureusement notre groupe, fid\u00e8le aux valeurs de notre lyc\u00e9e.<\/p>\n<p>Impossible d&rsquo;explorer Paris sans marcher sur les pas de Victor Hugo&#8230; La visite de la maison o\u00f9 v\u00e9cut le c\u00e9l\u00e8bre \u00e9crivain, place des Vosges, a constitu\u00e9 un moment fort du voyage. Ces quelques jours ont aussi \u00e9t\u00e9 l&rsquo;occasion de revoir d&rsquo;anciens \u00e9l\u00e8ves de Sainte Pulch\u00e9rie, d\u00e9sormais \u00e9tudiants \u00e0 la Sorbonne.<\/p>\n<p>\n\u00ab\u00a0Il n&rsquo;y a pas de hasard, il n&rsquo;y a que des rendez-vous\u00a0\u00bb.<\/p>\n<p>\nA l&rsquo;ann\u00e9e prochaine !<\/p>\n","protected":false},"excerpt":{"rendered":"<p>Fluctuat nec mergitur. \u00ab\u00a0Battue par les flots, elle ne sombre pas\u00a0\u00bb. La c\u00e9l\u00e8bre devise de Paris fut celle de notre groupe d&rsquo;\u00e9l\u00e8ves pendant leur s\u00e9jour.\u00a0 Ni les gr\u00e8ves, ni la pluie, ni le froid venteux n&rsquo;ont eu raison de leur [&hellip;]<\/p>\n","protected":false},"author":1,"featured_media":52625,"comment_status":"open","ping_status":"open","sticky":false,"template":"post-template.php","format":"gallery","meta":{"_monsterinsights_skip_tracking":false,"_monsterinsights_sitenote_active":false,"_monsterinsights_sitenote_note":"","_monsterinsights_sitenote_category":0,"footnotes":""},"categories":[425,58],"tags":[],"class_list":["post-52614","post","type-post","status-publish","format-gallery","has-post-thumbnail","hentry","category-slayt","category-voyages-et-sorties","post_format-post-format-gallery"],"_links":{"self":[{"href":"https:\/\/www.sp.k12.tr\/fr\/wp-json\/wp\/v2\/posts\/52614","targetHints":{"allow":["GET"]}}],"collection":[{"href":"https:\/\/www.sp.k12.tr\/fr\/wp-json\/wp\/v2\/posts"}],"about":[{"href":"https:\/\/www.sp.k12.tr\/fr\/wp-json\/wp\/v2\/types\/post"}],"author":[{"embeddable":true,"href":"https:\/\/www.sp.k12.tr\/fr\/wp-json\/wp\/v2\/users\/1"}],"replies":[{"embeddable":true,"href":"https:\/\/www.sp.k12.tr\/fr\/wp-json\/wp\/v2\/comments?post=52614"}],"version-history":[{"count":0,"href":"https:\/\/www.sp.k12.tr\/fr\/wp-json\/wp\/v2\/posts\/52614\/revisions"}],"wp:featuredmedia":[{"embeddable":true,"href":"https:\/\/www.sp.k12.tr\/fr\/wp-json\/wp\/v2\/media\/52625"}],"wp:attachment":[{"href":"https:\/\/www.sp.k12.tr\/fr\/wp-json\/wp\/v2\/media?parent=52614"}],"wp:term":[{"taxonomy":"category","embeddable":true,"href":"https:\/\/www.sp.k12.tr\/fr\/wp-json\/wp\/v2\/categories?post=52614"},{"taxonomy":"post_tag","embeddable":true,"href":"https:\/\/www.sp.k12.tr\/fr\/wp-json\/wp\/v2\/tags?post=52614"}],"curies":[{"name":"wp","href":"https:\/\/api.w.org\/{rel}","templated":true}]}}