{"id":52422,"date":"2023-03-17T18:26:02","date_gmt":"2023-03-17T15:26:02","guid":{"rendered":"https:\/\/www.sp.k12.tr\/?p=52422"},"modified":"2023-03-17T18:26:02","modified_gmt":"2023-03-17T15:26:02","slug":"canakkale-est-la-preface-de-la-lutte-nationale","status":"publish","type":"post","link":"https:\/\/www.sp.k12.tr\/fr\/canakkale-est-la-preface-de-la-lutte-nationale\/","title":{"rendered":"\u00c7anakkale est la pr\u00e9face de la lutte nationale"},"content":{"rendered":"<div class=\"gmail_default\">\n<p><span style=\"font-weight: 400;\">La ville de \u00c7anakkale qui est entr\u00e9e dans l&rsquo;histoire sous le nom de \u00ab\u00a0guerre de la fiert\u00e9 turque\u00a0\u00bb, est \u00e9galement appel\u00e9e la \u00ab\u00a0guerre des gentlemen\u00a0\u00bb dans de nombreuses sources. Cette lutte d&rsquo;honneur est immortalis\u00e9e par notre po\u00e8te de l&rsquo;Ind\u00e9pendance, Mehmet Akif Ersoy, dans son po\u00e8me <em>\u00c7anakkale<\/em>, dont notre po\u00e8te r\u00e9volutionnaire Faz\u0131l H\u00fcsn\u00fc Da\u011flarca a dit : \u00ab\u00a0\u00c7anakkale est la pr\u00e9face de la Lutte Nationale\u00a0\u00bb. \u00c9crite par Gazi Mustafa Kemal Atat\u00fcrk et le soldat inconnu, c&rsquo;est la position honorable de la d\u00e9fense de la patrie sur le chemin du salut et de la r\u00e9surrection de la nation.<\/span><\/p>\n<p>&nbsp;<\/p>\n<p><span style=\"font-weight: 400;\">La proclamation de la R\u00e9publique, qui est l&rsquo;un des tournants importants de notre histoire, a \u00e9t\u00e9 r\u00e9alis\u00e9e avec les opportunit\u00e9s offertes par la victoire unique que nous avons remport\u00e9e sur le front de \u00c7anakkale. Par cons\u00e9quent, \u00c7anakkale est la victoire de l&rsquo;\u00e9mergence de la conscience nationale et de l&rsquo;\u00e9branlement avant la guerre d&rsquo;ind\u00e9pendance. C&rsquo;est la raison pour laquelle \u00c7anakkale est la premi\u00e8re \u00e9tincelle de notre lutte pour l&rsquo;ind\u00e9pendance celle o\u00f9 la nation turque a annonc\u00e9 son indivisibilit\u00e9 et son invincibilit\u00e9 au monde entier. Le feu de l&rsquo;ind\u00e9pendance allum\u00e9 \u00e0 \u00c7anakkale est un point de rupture dans l&rsquo;histoire du monde, o\u00f9 les Turcs ont montr\u00e9 au monde entier \u00e0 quel point ils sont d\u00e9termin\u00e9s et h\u00e9ro\u00efques en mati\u00e8re d&rsquo;ind\u00e9pendance et de libert\u00e9.<\/span><\/p>\n<p>&nbsp;<\/p>\n<p><span style=\"font-weight: 400;\">Le 18 mars, jour des martyrs et le 108\u00e8me anniversaire de la victoire de \u00c7anakkale, nous comm\u00e9morons le v\u00e9t\u00e9ran Mustafa Kemal Atat\u00fcrk, ses compagnons d&rsquo;armes et nos martyrs avec une gratitude, une mis\u00e9ricorde et une gratitude sans fin, qui ont fait de cette terre notre patrie et ont \u00e9crit notre glorieuse \u00e9pop\u00e9e de l&rsquo;histoire comme \u00ab\u00a0\u00c7anakkale est imp\u00e9n\u00e9trable\u00a0\u00bb.<\/span><\/p>\n<p>&nbsp;<\/p>\n<p><span style=\"font-weight: 400;\">Nos h\u00e9ros de \u00c7anakkale, qui ont inspir\u00e9 notre lutte nationale pour laquelle nous avons acquis notre ind\u00e9pendance, et qui ont sacrifi\u00e9 leur vie et leur sang pour l&rsquo;amour du pays sans sourciller, continueront \u00e0 \u00e9clairer notre avenir pour toujours.<\/span><\/p>\n<p>&nbsp;<\/p>\n<\/div>\n","protected":false},"excerpt":{"rendered":"<p>La ville de \u00c7anakkale qui est entr\u00e9e dans l&rsquo;histoire sous le nom de \u00ab\u00a0guerre de la fiert\u00e9 turque\u00a0\u00bb, est \u00e9galement appel\u00e9e la \u00ab\u00a0guerre des gentlemen\u00a0\u00bb dans de nombreuses sources. Cette lutte d&rsquo;honneur est immortalis\u00e9e par notre po\u00e8te de l&rsquo;Ind\u00e9pendance, Mehmet [&hellip;]<\/p>\n","protected":false},"author":1,"featured_media":52370,"comment_status":"open","ping_status":"open","sticky":false,"template":"post-template.php","format":"gallery","meta":{"_monsterinsights_skip_tracking":false,"_monsterinsights_sitenote_active":false,"_monsterinsights_sitenote_note":"","_monsterinsights_sitenote_category":0,"footnotes":""},"categories":[52,425],"tags":[],"class_list":["post-52422","post","type-post","status-publish","format-gallery","has-post-thumbnail","hentry","category-ceremonies-et-histoire","category-slayt","post_format-post-format-gallery"],"_links":{"self":[{"href":"https:\/\/www.sp.k12.tr\/fr\/wp-json\/wp\/v2\/posts\/52422","targetHints":{"allow":["GET"]}}],"collection":[{"href":"https:\/\/www.sp.k12.tr\/fr\/wp-json\/wp\/v2\/posts"}],"about":[{"href":"https:\/\/www.sp.k12.tr\/fr\/wp-json\/wp\/v2\/types\/post"}],"author":[{"embeddable":true,"href":"https:\/\/www.sp.k12.tr\/fr\/wp-json\/wp\/v2\/users\/1"}],"replies":[{"embeddable":true,"href":"https:\/\/www.sp.k12.tr\/fr\/wp-json\/wp\/v2\/comments?post=52422"}],"version-history":[{"count":0,"href":"https:\/\/www.sp.k12.tr\/fr\/wp-json\/wp\/v2\/posts\/52422\/revisions"}],"wp:featuredmedia":[{"embeddable":true,"href":"https:\/\/www.sp.k12.tr\/fr\/wp-json\/wp\/v2\/media\/52370"}],"wp:attachment":[{"href":"https:\/\/www.sp.k12.tr\/fr\/wp-json\/wp\/v2\/media?parent=52422"}],"wp:term":[{"taxonomy":"category","embeddable":true,"href":"https:\/\/www.sp.k12.tr\/fr\/wp-json\/wp\/v2\/categories?post=52422"},{"taxonomy":"post_tag","embeddable":true,"href":"https:\/\/www.sp.k12.tr\/fr\/wp-json\/wp\/v2\/tags?post=52422"}],"curies":[{"name":"wp","href":"https:\/\/api.w.org\/{rel}","templated":true}]}}