{"id":52318,"date":"2023-03-14T09:29:28","date_gmt":"2023-03-14T06:29:28","guid":{"rendered":"https:\/\/www.sp.k12.tr\/?p=52318"},"modified":"2023-03-14T09:30:27","modified_gmt":"2023-03-14T06:30:27","slug":"il-est-temps-de-penser-a-votre-carriere","status":"publish","type":"post","link":"https:\/\/www.sp.k12.tr\/fr\/il-est-temps-de-penser-a-votre-carriere\/","title":{"rendered":"Il est temps de penser \u00e0 votre carri\u00e8re\u2026"},"content":{"rendered":"<p>Les facteurs mentionn\u00e9s ci-dessus constituent les principales questions auxquelles nos \u00e9l\u00e8ves devraient r\u00e9fl\u00e9chir pendant leurs ann\u00e9es de lyc\u00e9e avant de choisir une profession. En effet, le choix du domaine et du m\u00e9tier est un processus d\u00e9cisionnel important qui affecte toute la vie d&rsquo;une personne. Dans ce processus, apprendre \u00e0 bien se conna\u00eetre, d\u00e9terminer correctement ses forces et ses faiblesses, faire des recherches sur divers domaines commerciaux et professionnels, essayer d\u2019avoir de petites exp\u00e9riences dans ces domaines, rencontrer des personnes qui ont atteint un certain statut dans leur profession auront un effet positif sur la d\u00e9cision que les \u00e9l\u00e8ves prendront pour l&rsquo;avenir.<\/p>\n<p><span style=\"font-weight: 400;\">Afin d&rsquo;accompagner nos \u00e9l\u00e8ves dans ce processus de d\u00e9cision, le service de conseil psychologique et d&rsquo;orientation du Lyc\u00e9e Sainte Pulch\u00e9rie a organis\u00e9 une conf\u00e9rence sur la \u00ab\u00a0Planification de Carri\u00e8re\u00a0\u00bb pour les \u00e9l\u00e8ves de 9\u00e8me. L\u2019invit\u00e9e \u00e9tait la Responsable du D\u00e9veloppement Individuel et Acad\u00e9mique de l&rsquo;Universit\u00e9 Yeditepe, Mme \u00d6zge Alyu pour cette conf\u00e9rence qui s\u2019est tenue le mardi 7 mars<\/p>\n<p><\/span><span style=\"font-weight: 400;\">Durant cette conf\u00e9rence, la conf\u00e9renci\u00e8re a rappel\u00e9 que lorsque le parcours professionnel des \u00e9tudiants a commenc\u00e9, il est important de choisir une profession de terrain, de se conna\u00eetre, de faire une planification de carri\u00e8re correcte et opportune. Elle a donn\u00e9 des informations sur les caract\u00e9ristiques de diverses cat\u00e9gories de carri\u00e8re, les comp\u00e9tences que le monde de l&rsquo;entreprise attend des dipl\u00f4m\u00e9s et le rythme auquel les dipl\u00f4m\u00e9s r\u00e9pondent \u00e0 ces attentes, ainsi que les \u00e9tapes des entretiens d&#8217;embauche de la nouvelle g\u00e9n\u00e9ration.<\/p>\n<p><\/span><span style=\"font-weight: 400;\">En outre, Mme \u00d6zge Alyu nous a donn\u00e9 des informations sur l&rsquo;importance de transformer le talent en comp\u00e9tence avec l&rsquo;exp\u00e9rience et les connaissances, elle nous a expliqu\u00e9 comment :<\/span><\/p>\n<ul>\n<li><span style=\"font-weight: 400;\">D\u00e9velopper les comp\u00e9tences n\u00e9cessaires pour commencer et maintenir la vie professionnelle \u00e0 partir des ann\u00e9es d&rsquo;\u00e9tudes secondaires,<\/span><\/li>\n<li><span style=\"font-weight: 400;\">Construire un r\u00e9seau pour d\u00e9velopper les comp\u00e9tences<\/span><\/li>\n<li><span style=\"font-weight: 400;\">B\u00e9n\u00e9ficier de ce r\u00e9seau de plateformes<\/span><\/li>\n<li><span style=\"font-weight: 400;\">Cr\u00e9er la bonne identit\u00e9 num\u00e9rique sur les m\u00e9dias sociaux&#8230;<\/span><\/li>\n<\/ul>\n<p>&nbsp;<\/p>\n<p><span style=\"font-weight: 400;\">Nous esp\u00e9rons que la conf\u00e9rence aura \u00e9t\u00e9 b\u00e9n\u00e9fique pour nos \u00e9l\u00e8ves et nous tenons \u00e0 remercier Mme \u00d6zge Alyu pour avoir partag\u00e9 ces pr\u00e9cieuses informations avec nous.<\/span><\/p>\n<p>&nbsp;<\/p>\n","protected":false},"excerpt":{"rendered":"<p>Les facteurs mentionn\u00e9s ci-dessus constituent les principales questions auxquelles nos \u00e9l\u00e8ves devraient r\u00e9fl\u00e9chir pendant leurs ann\u00e9es de lyc\u00e9e avant de choisir une profession. En effet, le choix du domaine et du m\u00e9tier est un processus d\u00e9cisionnel important qui affecte toute [&hellip;]<\/p>\n","protected":false},"author":1,"featured_media":52331,"comment_status":"open","ping_status":"open","sticky":false,"template":"post-template.php","format":"gallery","meta":{"_monsterinsights_skip_tracking":false,"_monsterinsights_sitenote_active":false,"_monsterinsights_sitenote_note":"","_monsterinsights_sitenote_category":0,"footnotes":""},"categories":[55,425],"tags":[],"class_list":["post-52318","post","type-post","status-publish","format-gallery","has-post-thumbnail","hentry","category-rencontres","category-slayt","post_format-post-format-gallery"],"_links":{"self":[{"href":"https:\/\/www.sp.k12.tr\/fr\/wp-json\/wp\/v2\/posts\/52318","targetHints":{"allow":["GET"]}}],"collection":[{"href":"https:\/\/www.sp.k12.tr\/fr\/wp-json\/wp\/v2\/posts"}],"about":[{"href":"https:\/\/www.sp.k12.tr\/fr\/wp-json\/wp\/v2\/types\/post"}],"author":[{"embeddable":true,"href":"https:\/\/www.sp.k12.tr\/fr\/wp-json\/wp\/v2\/users\/1"}],"replies":[{"embeddable":true,"href":"https:\/\/www.sp.k12.tr\/fr\/wp-json\/wp\/v2\/comments?post=52318"}],"version-history":[{"count":0,"href":"https:\/\/www.sp.k12.tr\/fr\/wp-json\/wp\/v2\/posts\/52318\/revisions"}],"wp:featuredmedia":[{"embeddable":true,"href":"https:\/\/www.sp.k12.tr\/fr\/wp-json\/wp\/v2\/media\/52331"}],"wp:attachment":[{"href":"https:\/\/www.sp.k12.tr\/fr\/wp-json\/wp\/v2\/media?parent=52318"}],"wp:term":[{"taxonomy":"category","embeddable":true,"href":"https:\/\/www.sp.k12.tr\/fr\/wp-json\/wp\/v2\/categories?post=52318"},{"taxonomy":"post_tag","embeddable":true,"href":"https:\/\/www.sp.k12.tr\/fr\/wp-json\/wp\/v2\/tags?post=52318"}],"curies":[{"name":"wp","href":"https:\/\/api.w.org\/{rel}","templated":true}]}}