{"id":51874,"date":"2023-02-21T10:18:01","date_gmt":"2023-02-21T07:18:01","guid":{"rendered":"https:\/\/www.sp.k12.tr\/?p=51874"},"modified":"2023-02-21T10:24:32","modified_gmt":"2023-02-21T07:24:32","slug":"gerer-ensemble-et-sereinement-le-retour-au-lycee","status":"publish","type":"post","link":"https:\/\/www.sp.k12.tr\/fr\/gerer-ensemble-et-sereinement-le-retour-au-lycee\/","title":{"rendered":"G\u00e9rer ensemble et sereinement le retour au lyc\u00e9e"},"content":{"rendered":"<div class=\"gmail_default\">\n<p>La semaine derni\u00e8re, les professeurs principaux ont rencontr\u00e9 notre service de psychologie scolaire pour \u00e9laborer l&rsquo;organisation des premiers cours avec les \u00e9l\u00e8ves pour cette rentr\u00e9e scolaire.<\/p>\n<p>Cette premi\u00e8re rencontre a \u00e9t\u00e9 suivie vendredi 17 f\u00e9vrier par une r\u00e9union de l&rsquo;ensemble de la communaut\u00e9 \u00e9ducative, avec l&rsquo;aide toujours du service d&rsquo;orientation et de psychologie scolaire. Diff\u00e9rentes pistes et conseils ont \u00e9t\u00e9 partag\u00e9s avec les professeurs mais aussi l\u2019ensemble du cadre administratif et du personnel. Ce fut aussi l&rsquo;occasion de discuter autour du plan d&rsquo;action de retour \u00e0 l&rsquo;\u00e9cole, de partager ses doutes et ressentis par rapport \u00e0 cette situation de crise.<\/p>\n<p>D\u00e8s lundi, lors de la reprise, un temps a \u00e9t\u00e9 propos\u00e9 \u00e0 chaque classe pour ouvrir le dialogue autour des \u00e9motions ressenties.<\/p>\n<p>L&rsquo;\u00e9coute et les \u00e9changes se poursuivront tant qu&rsquo;il sera n\u00e9cessaire, encadr\u00e9s par nos trois psychologues, les professeurs principaux, la direction et l\u2019ensemble de l\u2019\u00e9quipe enseignante et non-enseignante.<\/p>\n<p>Dans le cadre de cette mission, nous rappelons que la circulation des informations et le dialogue avec nos parents sont essentiels pour nous aider \u00e0 mieux entourer les \u00e9l\u00e8ves de tous nos soins.<\/p>\n<p dir=\"ltr\">\u00a0<\/p>\n<p dir=\"ltr\">\u00a0<\/p>\n<\/div>\n","protected":false},"excerpt":{"rendered":"<p>La semaine derni\u00e8re, les professeurs principaux ont rencontr\u00e9 notre service de psychologie scolaire pour \u00e9laborer l&rsquo;organisation des premiers cours avec les \u00e9l\u00e8ves pour cette rentr\u00e9e scolaire. Cette premi\u00e8re rencontre a \u00e9t\u00e9 suivie vendredi 17 f\u00e9vrier par une r\u00e9union de l&rsquo;ensemble [&hellip;]<\/p>\n","protected":false},"author":1,"featured_media":51898,"comment_status":"open","ping_status":"open","sticky":false,"template":"post-template.php","format":"gallery","meta":{"_monsterinsights_skip_tracking":false,"_monsterinsights_sitenote_active":false,"_monsterinsights_sitenote_note":"","_monsterinsights_sitenote_category":0,"footnotes":""},"categories":[400,425],"tags":[],"class_list":["post-51874","post","type-post","status-publish","format-gallery","has-post-thumbnail","hentry","category-general","category-slayt","post_format-post-format-gallery"],"_links":{"self":[{"href":"https:\/\/www.sp.k12.tr\/fr\/wp-json\/wp\/v2\/posts\/51874","targetHints":{"allow":["GET"]}}],"collection":[{"href":"https:\/\/www.sp.k12.tr\/fr\/wp-json\/wp\/v2\/posts"}],"about":[{"href":"https:\/\/www.sp.k12.tr\/fr\/wp-json\/wp\/v2\/types\/post"}],"author":[{"embeddable":true,"href":"https:\/\/www.sp.k12.tr\/fr\/wp-json\/wp\/v2\/users\/1"}],"replies":[{"embeddable":true,"href":"https:\/\/www.sp.k12.tr\/fr\/wp-json\/wp\/v2\/comments?post=51874"}],"version-history":[{"count":0,"href":"https:\/\/www.sp.k12.tr\/fr\/wp-json\/wp\/v2\/posts\/51874\/revisions"}],"wp:featuredmedia":[{"embeddable":true,"href":"https:\/\/www.sp.k12.tr\/fr\/wp-json\/wp\/v2\/media\/51898"}],"wp:attachment":[{"href":"https:\/\/www.sp.k12.tr\/fr\/wp-json\/wp\/v2\/media?parent=51874"}],"wp:term":[{"taxonomy":"category","embeddable":true,"href":"https:\/\/www.sp.k12.tr\/fr\/wp-json\/wp\/v2\/categories?post=51874"},{"taxonomy":"post_tag","embeddable":true,"href":"https:\/\/www.sp.k12.tr\/fr\/wp-json\/wp\/v2\/tags?post=51874"}],"curies":[{"name":"wp","href":"https:\/\/api.w.org\/{rel}","templated":true}]}}