{"id":51663,"date":"2023-01-24T13:37:11","date_gmt":"2023-01-24T10:37:11","guid":{"rendered":"https:\/\/www.sp.k12.tr\/?p=51663"},"modified":"2023-01-25T11:51:13","modified_gmt":"2023-01-25T08:51:13","slug":"choix-des-filieres-ope-et-opc-en-12eme","status":"publish","type":"post","link":"https:\/\/www.sp.k12.tr\/fr\/choix-des-filieres-ope-et-opc-en-12eme\/","title":{"rendered":"Choix des fili\u00e8res OPE et OPC en 12\u00e8me"},"content":{"rendered":"<p>Dans un premier temps, les professeurs sont intervenus, puis c&rsquo;\u00e9tait au tour des \u00e9l\u00e8ves de 12\u00e8me de partager leur exp\u00e9rience des deux fili\u00e8res. Tous ont expliqu\u00e9 les principes suivants :<\/p>\n<p>A partir de l\u2019objectif de l\u2019\u00e9l\u00e8ve, le profil des cours et l\u2019esprit de l\u2019enseignement propos\u00e9s sont diff\u00e9rents en OPC et OPE. En OPC, une grande partie du programme est orient\u00e9 vers la pr\u00e9paration aux concours d&rsquo;entr\u00e9e dans les universit\u00e9s turques. En OPE, on\u00a0 pr\u00e9pare les \u00e9l\u00e8ves \u00e0 r\u00e9ussir leur expatriation et leur premi\u00e8re ann\u00e9e dans une universit\u00e9 \u00e9trang\u00e8re.\u00a0<\/p>\n<p>Cependant, les deux fili\u00e8res se rejoignent sur une base commune comme notamment :<\/p>\n<ul>\n<li aria-level=\"1\">l&rsquo;aide \u00e0 la pr\u00e9paration du dossier Campus France\u00a0<\/li>\n<li aria-level=\"1\">La participation aux examens de pr\u00e9paration au concours national<\/li>\n<li aria-level=\"1\">La participations \u00e0 des carrefours \u00e9tudiants. Lors de ces rencontres, les 12\u00e8mes rencontrent et questionnent des dipl\u00f4m\u00e9s SP partis \u00e0 l\u2019\u00e9tranger ou rest\u00e9s en Turquie<\/li>\n<li aria-level=\"1\">Les ateliers d\u2019accompagnement et de r\u00e9flexion propos\u00e9s par le service Rehberlik du Lyc\u00e9e<\/li>\n<li aria-level=\"1\">Les cours donn\u00e9s en OPE et OPC correspondent aux directives du MEB et abordent les m\u00eames notions-cl\u00e9s<\/li>\n<\/ul>\n<p>Ainsi, chaque ann\u00e9e du lyc\u00e9e a ses sp\u00e9cificit\u00e9s et lors de chaque \u00e9tape, ann\u00e9e apr\u00e8s ann\u00e9e, le Lyc\u00e9e Sainte Pulch\u00e9rie accompagne les \u00e9l\u00e8ves et leur famille pour qu&rsquo;il puisse faire les choix les plus adapt\u00e9s \u00e0 leur situation.<\/p>\n","protected":false},"excerpt":{"rendered":"<p>Dans un premier temps, les professeurs sont intervenus, puis c&rsquo;\u00e9tait au tour des \u00e9l\u00e8ves de 12\u00e8me de partager leur exp\u00e9rience des deux fili\u00e8res. Tous ont expliqu\u00e9 les principes suivants : A partir de l\u2019objectif de l\u2019\u00e9l\u00e8ve, le profil des cours [&hellip;]<\/p>\n","protected":false},"author":1,"featured_media":51791,"comment_status":"open","ping_status":"open","sticky":false,"template":"post-template.php","format":"gallery","meta":{"_monsterinsights_skip_tracking":false,"_monsterinsights_sitenote_active":false,"_monsterinsights_sitenote_note":"","_monsterinsights_sitenote_category":0,"footnotes":""},"categories":[55,425],"tags":[],"class_list":["post-51663","post","type-post","status-publish","format-gallery","has-post-thumbnail","hentry","category-rencontres","category-slayt","post_format-post-format-gallery"],"_links":{"self":[{"href":"https:\/\/www.sp.k12.tr\/fr\/wp-json\/wp\/v2\/posts\/51663","targetHints":{"allow":["GET"]}}],"collection":[{"href":"https:\/\/www.sp.k12.tr\/fr\/wp-json\/wp\/v2\/posts"}],"about":[{"href":"https:\/\/www.sp.k12.tr\/fr\/wp-json\/wp\/v2\/types\/post"}],"author":[{"embeddable":true,"href":"https:\/\/www.sp.k12.tr\/fr\/wp-json\/wp\/v2\/users\/1"}],"replies":[{"embeddable":true,"href":"https:\/\/www.sp.k12.tr\/fr\/wp-json\/wp\/v2\/comments?post=51663"}],"version-history":[{"count":0,"href":"https:\/\/www.sp.k12.tr\/fr\/wp-json\/wp\/v2\/posts\/51663\/revisions"}],"wp:featuredmedia":[{"embeddable":true,"href":"https:\/\/www.sp.k12.tr\/fr\/wp-json\/wp\/v2\/media\/51791"}],"wp:attachment":[{"href":"https:\/\/www.sp.k12.tr\/fr\/wp-json\/wp\/v2\/media?parent=51663"}],"wp:term":[{"taxonomy":"category","embeddable":true,"href":"https:\/\/www.sp.k12.tr\/fr\/wp-json\/wp\/v2\/categories?post=51663"},{"taxonomy":"post_tag","embeddable":true,"href":"https:\/\/www.sp.k12.tr\/fr\/wp-json\/wp\/v2\/tags?post=51663"}],"curies":[{"name":"wp","href":"https:\/\/api.w.org\/{rel}","templated":true}]}}