{"id":51268,"date":"2023-01-04T15:33:17","date_gmt":"2023-01-04T12:33:17","guid":{"rendered":"https:\/\/www.sp.k12.tr\/?p=51268"},"modified":"2023-01-06T10:51:11","modified_gmt":"2023-01-06T07:51:11","slug":"exposition-des-lettres-pour-le-futur","status":"publish","type":"post","link":"https:\/\/www.sp.k12.tr\/fr\/exposition-des-lettres-pour-le-futur\/","title":{"rendered":"Exposition : des lettres pour le futur"},"content":{"rendered":"<p>Nous avons pris la plume pour laisser une trace de notre pr\u00e9sent et de notre passage dans cet \u00e9tablissement qui s&rsquo;investit dans l&rsquo;\u00e9ducation depuis 1846. Les lettres s&rsquo;adressent aux futures g\u00e9n\u00e9rations d\u2019\u00e9l\u00e8ves de Sainte Pulch\u00e9rie, de professeurs, d&#8217;employ\u00e9s et constituent le t\u00e9moignage d&rsquo;une \u00e9poque. Certains \u00e9l\u00e8ves ont d\u00e9cid\u00e9 de les \u00e9crire \u00e0 l&rsquo;attention de l&rsquo;adulte qu&rsquo;ils deviendront. On peut y lire des exp\u00e9riences de vie, des souhaits et des messages pour le futur, pour le lyc\u00e9e, pour la jeunesse, la plan\u00e8te, la soci\u00e9t\u00e9, l\u2019environnement, l\u2019amiti\u00e9&#8230; Certaines sont \u00e9crites en fran\u00e7ais d&rsquo;autres en turc, en anglais mais aussi en allemand en russe et m\u00eame en lettres cod\u00e9es. Le ton y est libre, forc\u00e9ment intime.\u00a0<\/p>\n<p>Toutes les lettres ont \u00e9t\u00e9 rassembl\u00e9es dans une exposition interne au lyc\u00e9e, visit\u00e9e actuellement par les \u00e9l\u00e8ves et leurs professeurs. L&rsquo;exposition aura \u00e9t\u00e9 inaugur\u00e9e autour d&rsquo;un verre de l&rsquo;amiti\u00e9 avant le passage \u00e0 la nouvelle ann\u00e9e.<\/p>\n<p>Les lettres seront ensuite rassembl\u00e9es dans une \u201ccapsule temporelle\u201d afin d&rsquo;\u00eatre d\u00e9voil\u00e9es dans 50 ans, dans une seconde exposition.<\/p>\n<p>Ce projet nous a mis devant la distance du temps qui \u00e9gr\u00e8ne ses secondes, ses minutes, heures et ann\u00e9es \u00e0 l\u2019image du mur d\u2019horloges qui fait \u00e9galement partie de cette premi\u00e8re exposition.<\/p>\n<p>Un grand merci au service communication qui a imagin\u00e9 et mis en place le projet.<\/p>\n<p>Rendez-vous donc le 20 d\u00e9cembre 2072 !<\/p>\n<p>&nbsp;<\/p>\n<p>&nbsp;<\/p>\n","protected":false},"excerpt":{"rendered":"<p>Nous avons pris la plume pour laisser une trace de notre pr\u00e9sent et de notre passage dans cet \u00e9tablissement qui s&rsquo;investit dans l&rsquo;\u00e9ducation depuis 1846. Les lettres s&rsquo;adressent aux futures g\u00e9n\u00e9rations d\u2019\u00e9l\u00e8ves de Sainte Pulch\u00e9rie, de professeurs, d&#8217;employ\u00e9s et constituent [&hellip;]<\/p>\n","protected":false},"author":1,"featured_media":51313,"comment_status":"open","ping_status":"open","sticky":false,"template":"","format":"gallery","meta":{"_monsterinsights_skip_tracking":false,"_monsterinsights_sitenote_active":false,"_monsterinsights_sitenote_note":"","_monsterinsights_sitenote_category":0,"footnotes":""},"categories":[51,425,57],"tags":[],"class_list":["post-51268","post","type-post","status-publish","format-gallery","has-post-thumbnail","hentry","category-art-au-lycee","category-slayt","category-travaux-des-eleves","post_format-post-format-gallery"],"_links":{"self":[{"href":"https:\/\/www.sp.k12.tr\/fr\/wp-json\/wp\/v2\/posts\/51268","targetHints":{"allow":["GET"]}}],"collection":[{"href":"https:\/\/www.sp.k12.tr\/fr\/wp-json\/wp\/v2\/posts"}],"about":[{"href":"https:\/\/www.sp.k12.tr\/fr\/wp-json\/wp\/v2\/types\/post"}],"author":[{"embeddable":true,"href":"https:\/\/www.sp.k12.tr\/fr\/wp-json\/wp\/v2\/users\/1"}],"replies":[{"embeddable":true,"href":"https:\/\/www.sp.k12.tr\/fr\/wp-json\/wp\/v2\/comments?post=51268"}],"version-history":[{"count":0,"href":"https:\/\/www.sp.k12.tr\/fr\/wp-json\/wp\/v2\/posts\/51268\/revisions"}],"wp:featuredmedia":[{"embeddable":true,"href":"https:\/\/www.sp.k12.tr\/fr\/wp-json\/wp\/v2\/media\/51313"}],"wp:attachment":[{"href":"https:\/\/www.sp.k12.tr\/fr\/wp-json\/wp\/v2\/media?parent=51268"}],"wp:term":[{"taxonomy":"category","embeddable":true,"href":"https:\/\/www.sp.k12.tr\/fr\/wp-json\/wp\/v2\/categories?post=51268"},{"taxonomy":"post_tag","embeddable":true,"href":"https:\/\/www.sp.k12.tr\/fr\/wp-json\/wp\/v2\/tags?post=51268"}],"curies":[{"name":"wp","href":"https:\/\/api.w.org\/{rel}","templated":true}]}}