{"id":50746,"date":"2022-12-02T09:35:22","date_gmt":"2022-12-02T06:35:22","guid":{"rendered":"https:\/\/www.sp.k12.tr\/liseler-arasi-karsilikli-felsefe-iletisimleri\/"},"modified":"2022-12-02T09:44:19","modified_gmt":"2022-12-02T06:44:19","slug":"liseler-arasi-karsilikli-felsefe-iletisimleri","status":"publish","type":"post","link":"https:\/\/www.sp.k12.tr\/fr\/liseler-arasi-karsilikli-felsefe-iletisimleri\/","title":{"rendered":"Echanges philosophiques inter-lyc\u00e9e"},"content":{"rendered":"<p>Le livre lu et discut\u00e9 par les \u00e9l\u00e8ves \u00e9tait \u00ab\u00a0Antigone de Sophocle\u00a0\u00bb de Berthold Brecht. Le Projet des Lectures Philosophiques aux Lyc\u00e9es Fran\u00e7ais &#8211; qui a \u00e9t\u00e9 lanc\u00e9 en ligne pendant la pand\u00e9mie sous l&rsquo;\u00e9gide du Lyc\u00e9e Saint Michel, et avec la participation de tous les lyc\u00e9es fran\u00e7ais &#8211; vise cette ann\u00e9e diff\u00e9rents livres et des discussions philosophiques inspirantes pour sa 3\u00e8me ann\u00e9e. Lors de l\u2019\u00e9v\u00e9nement Lectures Philosophiques aux Lyc\u00e9es Fran\u00e7ais, un livre philosophique choisi par une \u00e9cole est lu chaque mois et tous les \u00e9l\u00e8ves discutent sur la philosophie autour de ce livre.<\/p>\n<p>Les professeurs de philosophie et \u00e9l\u00e8ves passionn\u00e9s de philosophie des Lyc\u00e9es Sainte Pulch\u00e9rie, Saint Michel, Saint Benoit, Saint Joseph d&rsquo;Izmir, Saint Joseph Istanbul et Notre Dame de Sion participent \u00e0 ce projet. La deuxi\u00e8me r\u00e9union du projet se tiendra en ligne le 16 d\u00e9cembre, une r\u00e9union organis\u00e9e par les \u00e9l\u00e8ves du club de philosophie de notre \u00e9cole. Le livre choisi est le roman philosophique \u00ab\u00a0La Naus\u00e9e\u00a0\u00bb de Jean Paul Sartre.<\/p>\n","protected":false},"excerpt":{"rendered":"<p>Le livre lu et discut\u00e9 par les \u00e9l\u00e8ves \u00e9tait \u00ab\u00a0Antigone de Sophocle\u00a0\u00bb de Berthold Brecht. Le Projet des Lectures Philosophiques aux Lyc\u00e9es Fran\u00e7ais &#8211; qui a \u00e9t\u00e9 lanc\u00e9 en ligne pendant la pand\u00e9mie sous l&rsquo;\u00e9gide du Lyc\u00e9e Saint Michel, et [&hellip;]<\/p>\n","protected":false},"author":1,"featured_media":50741,"comment_status":"open","ping_status":"open","sticky":false,"template":"post-template.php","format":"gallery","meta":{"_monsterinsights_skip_tracking":false,"_monsterinsights_sitenote_active":false,"_monsterinsights_sitenote_note":"","_monsterinsights_sitenote_category":0,"footnotes":""},"categories":[55,425,57],"tags":[],"class_list":["post-50746","post","type-post","status-publish","format-gallery","has-post-thumbnail","hentry","category-rencontres","category-slayt","category-travaux-des-eleves","post_format-post-format-gallery"],"_links":{"self":[{"href":"https:\/\/www.sp.k12.tr\/fr\/wp-json\/wp\/v2\/posts\/50746","targetHints":{"allow":["GET"]}}],"collection":[{"href":"https:\/\/www.sp.k12.tr\/fr\/wp-json\/wp\/v2\/posts"}],"about":[{"href":"https:\/\/www.sp.k12.tr\/fr\/wp-json\/wp\/v2\/types\/post"}],"author":[{"embeddable":true,"href":"https:\/\/www.sp.k12.tr\/fr\/wp-json\/wp\/v2\/users\/1"}],"replies":[{"embeddable":true,"href":"https:\/\/www.sp.k12.tr\/fr\/wp-json\/wp\/v2\/comments?post=50746"}],"version-history":[{"count":0,"href":"https:\/\/www.sp.k12.tr\/fr\/wp-json\/wp\/v2\/posts\/50746\/revisions"}],"wp:featuredmedia":[{"embeddable":true,"href":"https:\/\/www.sp.k12.tr\/fr\/wp-json\/wp\/v2\/media\/50741"}],"wp:attachment":[{"href":"https:\/\/www.sp.k12.tr\/fr\/wp-json\/wp\/v2\/media?parent=50746"}],"wp:term":[{"taxonomy":"category","embeddable":true,"href":"https:\/\/www.sp.k12.tr\/fr\/wp-json\/wp\/v2\/categories?post=50746"},{"taxonomy":"post_tag","embeddable":true,"href":"https:\/\/www.sp.k12.tr\/fr\/wp-json\/wp\/v2\/tags?post=50746"}],"curies":[{"name":"wp","href":"https:\/\/api.w.org\/{rel}","templated":true}]}}