{"id":4955,"date":"2014-01-25T16:31:40","date_gmt":"2014-01-25T13:31:40","guid":{"rendered":"https:\/\/www.sp.k12.tr\/?p=4955"},"modified":"2019-12-26T16:32:49","modified_gmt":"2019-12-26T13:32:49","slug":"notre-association-environnementale","status":"publish","type":"post","link":"https:\/\/www.sp.k12.tr\/fr\/notre-association-environnementale\/","title":{"rendered":"Notre association environnementale"},"content":{"rendered":"<p>Nos \u00e9l\u00e8ves sont invit\u00e9s \u00e0 r\u00e9fl\u00e9chir leur rapport \u00e0 leur environnement naturel dont l\u2019exploitation comporte une commune responsabilit\u00e9 \u00e0 l\u2019\u00e9gard de l\u2019humanit\u00e9 tout enti\u00e8re.<\/p>\n<p>Notre association environnement enregistr\u00e9e au registre des associations durant l\u2019ann\u00e9e 2012-2013 affiche la volont\u00e9 du Lyc\u00e9e Sainte Pulch\u00e9rie de s\u2019inscrire durablement dans une d\u00e9marche \u00e9cologique et d\u2019y associer au plus pr\u00e8s les \u00e9l\u00e8ves. La direction du lyc\u00e9e a souhait\u00e9 donner aux jeunes lyc\u00e9ens qui forment le bureau de l\u2019association une autonomie d\u00e9cisionnelle sur l\u2019ensemble des sujets concernant l\u2019environnement au lyc\u00e9e. La premi\u00e8re action du bureau a \u00e9t\u00e9 d\u2019encourager la diminution de la consommation de bouteilles d\u2019eau en plastique en faisant installer des fontaines dans tous les \u00e9tages de l\u2019\u00e9tablissement en acc\u00e8s libre. Chaque \u00e9l\u00e8ve dispose d\u2019une gourde nominative qu\u2019il peut remplir aux fontaines.<\/p>\n<p>Aujourd\u2019hui, le premier bureau de l\u2019association arrive au terme de sa mission et va passer le relais aux plus jeunes. Le bureau a pr\u00e9sent\u00e9 \u00e0 un groupe d\u2019\u00e9l\u00e8ves motiv\u00e9s leurs actions, projets et aspirations afin que les nouvelles g\u00e9n\u00e9rations portent \u00e0 leur tour la flamme environnementale.<\/p>\n<p>Le projet environnemental au lyc\u00e9e est aussi renforc\u00e9 par un club environnement qui m\u00e8ne diff\u00e9rentes actions. Pour en savoir plus sur ce club,\u00a0<a class=\"spip_in\" href=\"https:\/\/www.sp.k12.tr\/francais\/art-et-sport\/clubs\/article\/club-environnement\">cliquer ici<\/a>.<\/p>\n<p>Notre lyc\u00e9e d\u00e9veloppe ainsi, avec cette association et le club environnement le concept d\u2019\u00e9cole verte depuis un an. Pour ce, elle s\u2019appuie sur des initiatives d\u2019\u00e9l\u00e8ves guid\u00e9s \u00e0 la fois par des enseignants volontaires et par des professionnels du secteur.<br class=\"autobr\" \/><strong><br class=\"autobr\" \/>L\u2019environnement au Lyc\u00e9e Sainte Pulch\u00e9rie, aujourd\u2019hui, c\u2019est\u00a0:<\/strong><br \/>\n<img decoding=\"async\" class=\"spip_puce\" src=\"https:\/\/www.sp.k12.tr\/local\/cache-vignettes\/L8xH11\/puce-c1525.gif?1548345281\" alt=\"-\" width=\"8\" height=\"11\" \/>\u00a0Des actions \u00ab\u00a0\u00e9co-gestes\u00a0\u00bb comme le projet gourdes et fontaines d\u2019eau<br \/>\n<img decoding=\"async\" class=\"spip_puce\" src=\"https:\/\/www.sp.k12.tr\/local\/cache-vignettes\/L8xH11\/puce-c1525.gif?1548345281\" alt=\"-\" width=\"8\" height=\"11\" \/>\u00a0Une consommation de papier divis\u00e9e par trois depuis l\u2019ann\u00e9e 2012-2013<br \/>\n<img decoding=\"async\" class=\"spip_puce\" src=\"https:\/\/www.sp.k12.tr\/local\/cache-vignettes\/L8xH11\/puce-c1525.gif?1548345281\" alt=\"-\" width=\"8\" height=\"11\" \/>\u00a0La cr\u00e9ation d\u2019un label vert SP, pour en savoir plus,\u00a0<a class=\"spip_in\" href=\"https:\/\/www.sp.k12.tr\/francais\/evenements\/2013-2014\/archives-2013-2014\/article\/le-label-vert-sp\">cliquer ici<\/a><br \/>\n<img decoding=\"async\" class=\"spip_puce\" src=\"https:\/\/www.sp.k12.tr\/local\/cache-vignettes\/L8xH11\/puce-c1525.gif?1548345281\" alt=\"-\" width=\"8\" height=\"11\" \/>\u00a0Des expositions temporaires pr\u00e9sent\u00e9es par les \u00e9l\u00e8ves pour alerter les camarades sur les probl\u00e9matiques environnementales<br \/>\n<img decoding=\"async\" class=\"spip_puce\" src=\"https:\/\/www.sp.k12.tr\/local\/cache-vignettes\/L8xH11\/puce-c1525.gif?1548345281\" alt=\"-\" width=\"8\" height=\"11\" \/>\u00a0De la sensibilisation faite sur le terrain par les professeurs lors de voyages et de sorties scolaires qui abordent diff\u00e9rentes th\u00e9matiques li\u00e9es \u00e0 l\u2019\u00e9cologie\u00a0: classe bleue \u00e0 Marmaris, classe verte en Cappadoce, \u00e9change scolaire \u00e0 Brest, ramassage de d\u00e9chets sur des plages, plante d\u2019arbres&#8230;<br \/>\n<img decoding=\"async\" class=\"spip_puce\" src=\"https:\/\/www.sp.k12.tr\/local\/cache-vignettes\/L8xH11\/puce-c1525.gif?1548345281\" alt=\"-\" width=\"8\" height=\"11\" \/>\u00a0Des communiqu\u00e9s \u00ab\u00a0alertes\u00a0\u00bb via le site internet de l\u2019\u00e9cole, un exemple\u00a0?\u00a0<a class=\"spip_in\" href=\"https:\/\/www.sp.k12.tr\/francais\/evenements\/2013-2014\/archives-2013-2014\/article\/reduire-notre-consommation-de\">Cliquez ici<\/a><br \/>\n<img decoding=\"async\" class=\"spip_puce\" src=\"https:\/\/www.sp.k12.tr\/local\/cache-vignettes\/L8xH11\/puce-c1525.gif?1548345281\" alt=\"-\" width=\"8\" height=\"11\" \/>\u00a0Une attention particuli\u00e8re aux sports de pleine nature et \u00e0 la sant\u00e9\u00a0: Trekking \u00e0 Yalova, s\u00e9jour randonn\u00e9e dans les Pyr\u00e9n\u00e9es, conf\u00e9rences sur l\u2019alimentation par des professionnels de la sant\u00e9&#8230;<br \/>\n<img decoding=\"async\" class=\"spip_puce\" src=\"https:\/\/www.sp.k12.tr\/local\/cache-vignettes\/L8xH11\/puce-c1525.gif?1548345281\" alt=\"-\" width=\"8\" height=\"11\" \/>\u00a0L\u2019encouragement \u00e0 se nourrir sainement, avec des produits naturels dont la culture est respectueuse de l\u2019environnement<br \/>\n<img decoding=\"async\" class=\"spip_puce\" src=\"https:\/\/www.sp.k12.tr\/local\/cache-vignettes\/L8xH11\/puce-c1525.gif?1548345281\" alt=\"-\" width=\"8\" height=\"11\" \/>\u00a0Le rapprochement du lyc\u00e9e avec des fermes situ\u00e9es dans des villages autour d\u2019Istanbul, la rencontre de producteurs locaux, d\u2019\u00e9coles agricoles&#8230;<\/p>\n<p><strong>Et demain\u00a0?<\/strong><br class=\"autobr\" \/>L\u2019association et le club environnement ont de nombreuses id\u00e9es en t\u00eate&#8230; La direction du Lyc\u00e9e travaille activement avec eux afin de mettre en place une ferme \u00e9cologique actuellement en construction \u00e0 \u015eile. Pour en savoir plus sur les pr\u00e9paratifs concernant ce projet, lisez cet article,\u00a0<a class=\"spip_in\" href=\"https:\/\/www.sp.k12.tr\/francais\/evenements\/2013-2014\/archives-2013-2014\/article\/visite-d-un-lycee-agricole\">cliquer ici<\/a><\/p>\n","protected":false},"excerpt":{"rendered":"<p>Nos \u00e9l\u00e8ves sont invit\u00e9s \u00e0 r\u00e9fl\u00e9chir leur rapport \u00e0 leur environnement naturel dont l\u2019exploitation comporte une commune responsabilit\u00e9 \u00e0 l\u2019\u00e9gard de l\u2019humanit\u00e9 tout enti\u00e8re. Notre association environnement enregistr\u00e9e au registre des associations durant l\u2019ann\u00e9e 2012-2013 affiche la volont\u00e9 du Lyc\u00e9e [&hellip;]<\/p>\n","protected":false},"author":1,"featured_media":0,"comment_status":"open","ping_status":"open","sticky":false,"template":"","format":"standard","meta":{"_monsterinsights_skip_tracking":false,"_monsterinsights_sitenote_active":false,"_monsterinsights_sitenote_note":"","_monsterinsights_sitenote_category":0,"footnotes":""},"categories":[54],"tags":[],"class_list":["post-4955","post","type-post","status-publish","format-standard","hentry","category-developpement-durable"],"_links":{"self":[{"href":"https:\/\/www.sp.k12.tr\/fr\/wp-json\/wp\/v2\/posts\/4955","targetHints":{"allow":["GET"]}}],"collection":[{"href":"https:\/\/www.sp.k12.tr\/fr\/wp-json\/wp\/v2\/posts"}],"about":[{"href":"https:\/\/www.sp.k12.tr\/fr\/wp-json\/wp\/v2\/types\/post"}],"author":[{"embeddable":true,"href":"https:\/\/www.sp.k12.tr\/fr\/wp-json\/wp\/v2\/users\/1"}],"replies":[{"embeddable":true,"href":"https:\/\/www.sp.k12.tr\/fr\/wp-json\/wp\/v2\/comments?post=4955"}],"version-history":[{"count":0,"href":"https:\/\/www.sp.k12.tr\/fr\/wp-json\/wp\/v2\/posts\/4955\/revisions"}],"wp:attachment":[{"href":"https:\/\/www.sp.k12.tr\/fr\/wp-json\/wp\/v2\/media?parent=4955"}],"wp:term":[{"taxonomy":"category","embeddable":true,"href":"https:\/\/www.sp.k12.tr\/fr\/wp-json\/wp\/v2\/categories?post=4955"},{"taxonomy":"post_tag","embeddable":true,"href":"https:\/\/www.sp.k12.tr\/fr\/wp-json\/wp\/v2\/tags?post=4955"}],"curies":[{"name":"wp","href":"https:\/\/api.w.org\/{rel}","templated":true}]}}