{"id":4942,"date":"2014-02-04T16:25:06","date_gmt":"2014-02-04T13:25:06","guid":{"rendered":"https:\/\/www.sp.k12.tr\/?p=4942"},"modified":"2019-12-26T16:25:56","modified_gmt":"2019-12-26T13:25:56","slug":"un-nouveau-bureau-pour-notre-association-environnement","status":"publish","type":"post","link":"https:\/\/www.sp.k12.tr\/fr\/un-nouveau-bureau-pour-notre-association-environnement\/","title":{"rendered":"Un nouveau bureau pour notre association environnement"},"content":{"rendered":"<p>La c\u00e9r\u00e9monie de remise des carnets a d\u00e9marr\u00e9 avec une pr\u00e9sentation de l\u2019association environnement du Lyc\u00e9e Sainte Pulch\u00e9rie. Le bureau actuel s\u2019est adress\u00e9 \u00e0 un groupe d\u2019\u00e9l\u00e8ves volontaires de 11\u00e8me. Les \u00e9l\u00e8ves ont pr\u00e9sent\u00e9 leurs actions, projets et aspirations afin que les nouvelles g\u00e9n\u00e9rations portent \u00e0 leur tour la flamme environnementale.<\/p>\n<p>Beliz Ba\u015fer, pr\u00e9sidente tout au long de la premi\u00e8re ann\u00e9e de l\u2019association s\u2019est exprim\u00e9e ainsi\u00a0:<\/p>\n<p>\u00ab\u00a0Cher directeur\u00a0; cher directeur adjoint turc, chers enseignants et chers amis\u00a0;<\/p>\n<p>Nous qui avons cr\u00e9\u00e9 \u00ab\u00a0L\u2019Association des amis de l\u2019environnement\u00a0\u00bb en 2012-2013, sommes ici pour transmettre le relais. Nous avons cr\u00e9\u00e9 cette association pour faire de notre \u00e9cole une \u00e9cole verte, pour vivre dans un environnement plus propre gr\u00e2ce \u00e0 nos projets. Comme vous le savez, nous avons organis\u00e9 des petits-d\u00e9jeuners bio pour toute l\u2019\u00e9cole. Nous avons fait installer des fontaines dans notre \u00e9cole, nous avons limit\u00e9 l\u2019utilisation des bouteilles en plastique et nous avons limit\u00e9 le gaspillage de papier. Ces petits projets avaient pour objectif de faire un premier pas. Maintenant, nous devons passer le relais aux \u00e9l\u00e8ves de 11\u00e8me. Mais je veux tout d\u2019abord remercier mes amis de l\u2019association. Notre Vice-Pr\u00e9sident du Conseil d\u2019Administration Mert K\u00fc\u00e7\u00fck\u00e7al\u0131, notre secr\u00e9taire g\u00e9n\u00e9rale Sude Ka\u00e7ar, notre tr\u00e9sorier Cem \u00dcnal, ainsi que nos membres Ege Erkan, Ecesu Soy et Derin Sapmaz. Quand \u00e0 moi, c\u2019est avec plaisir que j\u2019ai exerc\u00e9 mes fonctions de Pr\u00e9sident du Conseil d\u2019Administration. J\u2019esp\u00e8re que notre nouveau conseil r\u00e9ussira au moins aussi bien que nous.<\/p>\n<p>Je leur souhaite bonne r\u00e9ussite et leur transmets les cahiers de l\u2019association.\u00a0\u00bb<\/p>\n<p>Le nouveau bureau est aujourd\u2019hui form\u00e9 des membres suivants\u00a0:<br \/>\n<img decoding=\"async\" class=\"spip_puce\" src=\"https:\/\/www.sp.k12.tr\/local\/cache-vignettes\/L8xH11\/puce-c1525.gif?1548345281\" alt=\"-\" width=\"8\" height=\"11\" \/>\u00a0Deniz \u00c7akmak\u00e7\u0131, pr\u00e9sidente<br \/>\n<img decoding=\"async\" class=\"spip_puce\" src=\"https:\/\/www.sp.k12.tr\/local\/cache-vignettes\/L8xH11\/puce-c1525.gif?1548345281\" alt=\"-\" width=\"8\" height=\"11\" \/>\u00a0Do\u011fa Yetimo\u011flu, vice-pr\u00e9sidente<br \/>\n<img decoding=\"async\" class=\"spip_puce\" src=\"https:\/\/www.sp.k12.tr\/local\/cache-vignettes\/L8xH11\/puce-c1525.gif?1548345281\" alt=\"-\" width=\"8\" height=\"11\" \/>\u00a0Eda Naz \u015eeng\u00fcn, comptable<br \/>\n<img decoding=\"async\" class=\"spip_puce\" src=\"https:\/\/www.sp.k12.tr\/local\/cache-vignettes\/L8xH11\/puce-c1525.gif?1548345281\" alt=\"-\" width=\"8\" height=\"11\" \/>\u00a0Defne Ko\u00e7, secr\u00e9taire<\/p>\n<p>La nouvelle \u00e9quipe a form\u00e9 le souhait de s\u2019attacher plus particuli\u00e8rement au tri s\u00e9lectif\u00a0: papier, plastique et verre.<br class=\"autobr\" \/>Elle s\u2019assurera \u00e9galement de la continuit\u00e9 des projets lanc\u00e9s l\u2019ann\u00e9e pr\u00e9c\u00e9dente comme celui des gourdes d\u2019eau et de la mise \u00e0 disposition de fontaines \u00e0 chaque \u00e9tage du lyc\u00e9e. Le nouveau bureau a \u00e9galement pour objectif de continuer des campagnes de sensibilisation qui toucheront professeurs et \u00e9l\u00e8ves afin que la protection de l\u2019environnement soit une pr\u00e9occupation collective avec des r\u00e9ponses communes.<\/p>\n<p>Le projet environnemental au lyc\u00e9e est aussi renforc\u00e9 par un club environnement qui m\u00e8ne diff\u00e9rentes actions. Pour en savoir plus sur ce club,\u00a0<a class=\"spip_in\" href=\"https:\/\/www.sp.k12.tr\/francais\/art-et-sport\/clubs\/article\/club-environnement\">cliquer ici<\/a>.<\/p>\n","protected":false},"excerpt":{"rendered":"<p>La c\u00e9r\u00e9monie de remise des carnets a d\u00e9marr\u00e9 avec une pr\u00e9sentation de l\u2019association environnement du Lyc\u00e9e Sainte Pulch\u00e9rie. Le bureau actuel s\u2019est adress\u00e9 \u00e0 un groupe d\u2019\u00e9l\u00e8ves volontaires de 11\u00e8me. Les \u00e9l\u00e8ves ont pr\u00e9sent\u00e9 leurs actions, projets et aspirations afin [&hellip;]<\/p>\n","protected":false},"author":1,"featured_media":0,"comment_status":"open","ping_status":"open","sticky":false,"template":"","format":"standard","meta":{"_monsterinsights_skip_tracking":false,"_monsterinsights_sitenote_active":false,"_monsterinsights_sitenote_note":"","_monsterinsights_sitenote_category":0,"footnotes":""},"categories":[54],"tags":[],"class_list":["post-4942","post","type-post","status-publish","format-standard","hentry","category-developpement-durable"],"_links":{"self":[{"href":"https:\/\/www.sp.k12.tr\/fr\/wp-json\/wp\/v2\/posts\/4942","targetHints":{"allow":["GET"]}}],"collection":[{"href":"https:\/\/www.sp.k12.tr\/fr\/wp-json\/wp\/v2\/posts"}],"about":[{"href":"https:\/\/www.sp.k12.tr\/fr\/wp-json\/wp\/v2\/types\/post"}],"author":[{"embeddable":true,"href":"https:\/\/www.sp.k12.tr\/fr\/wp-json\/wp\/v2\/users\/1"}],"replies":[{"embeddable":true,"href":"https:\/\/www.sp.k12.tr\/fr\/wp-json\/wp\/v2\/comments?post=4942"}],"version-history":[{"count":0,"href":"https:\/\/www.sp.k12.tr\/fr\/wp-json\/wp\/v2\/posts\/4942\/revisions"}],"wp:attachment":[{"href":"https:\/\/www.sp.k12.tr\/fr\/wp-json\/wp\/v2\/media?parent=4942"}],"wp:term":[{"taxonomy":"category","embeddable":true,"href":"https:\/\/www.sp.k12.tr\/fr\/wp-json\/wp\/v2\/categories?post=4942"},{"taxonomy":"post_tag","embeddable":true,"href":"https:\/\/www.sp.k12.tr\/fr\/wp-json\/wp\/v2\/tags?post=4942"}],"curies":[{"name":"wp","href":"https:\/\/api.w.org\/{rel}","templated":true}]}}