{"id":4931,"date":"2014-03-04T16:10:36","date_gmt":"2014-03-04T13:10:36","guid":{"rendered":"https:\/\/www.sp.k12.tr\/?p=4931"},"modified":"2019-12-26T16:11:02","modified_gmt":"2019-12-26T13:11:02","slug":"tri-selectif-et-recyclage-des-dechets","status":"publish","type":"post","link":"https:\/\/www.sp.k12.tr\/fr\/tri-selectif-et-recyclage-des-dechets\/","title":{"rendered":"Tri s\u00e9lectif et recyclage des d\u00e9chets"},"content":{"rendered":"<p>Lors de la visite de notre lyc\u00e9e par Mme\u00a0Damla Kandemir de la mairie de Beyo\u011flu, s\u2019est tenue une r\u00e9union au cours de laquelle de tr\u00e8s importantes d\u00e9cisions ont \u00e9t\u00e9 prises sur le ramassage des d\u00e9chets recyclables tels que le papier-plastique-verre ainsi que sur la mise \u00e0 disposition de bo\u00eetes de tri s\u00e9lectif dans l\u2019\u00e9cole dans un tr\u00e8s proche avenir.<\/p>\n<p>Pour mieux sensibiliser les \u00e9l\u00e8ves \u00e0 l\u2019environnement, une visite d\u2019observation sera organis\u00e9e le mercredi 26 mars \u00e0 l\u2019usine de tri des d\u00e9chets se situant dans le quartier de Ka\u011f\u0131thane de Beyo\u011flu avec la participation des \u00e9l\u00e8ves membres de l\u2019Association des amis de l\u2019environnement. Le vendredi 4 avril, une r\u00e9union d\u2019information sera organis\u00e9e pour les \u00e9l\u00e8ves et le personnel de l\u2019\u00e9cole avec la contribution de Mme\u00a0Damla Kandemir. Lors de cette r\u00e9union, les \u00e9l\u00e8ves de l\u2019association partageront leurs impressions sur la visite de l\u2019usine de tri des d\u00e9chets.<\/p>\n<p>Dans le cadre de ce projet, notre \u00e9cole a pour objectif d\u2019habituer les \u00e9l\u00e8ves au tri s\u00e9lectif et au recyclage des d\u00e9chets qui est un indicateur de cette prise de conscience qui leur servira non seulement dans leur vie scolaire mais aussi tout au long de leur vie.<\/p>\n","protected":false},"excerpt":{"rendered":"<p>Lors de la visite de notre lyc\u00e9e par Mme\u00a0Damla Kandemir de la mairie de Beyo\u011flu, s\u2019est tenue une r\u00e9union au cours de laquelle de tr\u00e8s importantes d\u00e9cisions ont \u00e9t\u00e9 prises sur le ramassage des d\u00e9chets recyclables tels que le papier-plastique-verre [&hellip;]<\/p>\n","protected":false},"author":1,"featured_media":0,"comment_status":"open","ping_status":"open","sticky":false,"template":"","format":"standard","meta":{"_monsterinsights_skip_tracking":false,"_monsterinsights_sitenote_active":false,"_monsterinsights_sitenote_note":"","_monsterinsights_sitenote_category":0,"footnotes":""},"categories":[54],"tags":[],"class_list":["post-4931","post","type-post","status-publish","format-standard","hentry","category-developpement-durable"],"_links":{"self":[{"href":"https:\/\/www.sp.k12.tr\/fr\/wp-json\/wp\/v2\/posts\/4931","targetHints":{"allow":["GET"]}}],"collection":[{"href":"https:\/\/www.sp.k12.tr\/fr\/wp-json\/wp\/v2\/posts"}],"about":[{"href":"https:\/\/www.sp.k12.tr\/fr\/wp-json\/wp\/v2\/types\/post"}],"author":[{"embeddable":true,"href":"https:\/\/www.sp.k12.tr\/fr\/wp-json\/wp\/v2\/users\/1"}],"replies":[{"embeddable":true,"href":"https:\/\/www.sp.k12.tr\/fr\/wp-json\/wp\/v2\/comments?post=4931"}],"version-history":[{"count":0,"href":"https:\/\/www.sp.k12.tr\/fr\/wp-json\/wp\/v2\/posts\/4931\/revisions"}],"wp:attachment":[{"href":"https:\/\/www.sp.k12.tr\/fr\/wp-json\/wp\/v2\/media?parent=4931"}],"wp:term":[{"taxonomy":"category","embeddable":true,"href":"https:\/\/www.sp.k12.tr\/fr\/wp-json\/wp\/v2\/categories?post=4931"},{"taxonomy":"post_tag","embeddable":true,"href":"https:\/\/www.sp.k12.tr\/fr\/wp-json\/wp\/v2\/tags?post=4931"}],"curies":[{"name":"wp","href":"https:\/\/api.w.org\/{rel}","templated":true}]}}