{"id":4905,"date":"2014-04-11T16:00:31","date_gmt":"2014-04-11T13:00:31","guid":{"rendered":"https:\/\/www.sp.k12.tr\/?p=4905"},"modified":"2019-12-26T16:01:37","modified_gmt":"2019-12-26T13:01:37","slug":"conference-de-lassociation-environnement-du-lycee","status":"publish","type":"post","link":"https:\/\/www.sp.k12.tr\/fr\/conference-de-lassociation-environnement-du-lycee\/","title":{"rendered":"Conf\u00e9rence de l\u2019association environnement du lyc\u00e9e"},"content":{"rendered":"<h3>Les \u00e9cogestes mis en place par l\u2019association environnement<\/h3>\n<blockquote><p>Cette surconsommation de tels produits pourrait \u00eatre \u00e0 l\u2019origine de notre perte<\/p><\/blockquote>\n<p>Notre association environnement \u201c\u00c7evreyi Severek Payla\u015fma Derne\u011fi\u201d a tenu une conf\u00e9rence sur le th\u00e8me de \u00ab\u00a0l\u2019impact que nous avons sur notre environnement\u00a0\u00bb le mardi 8 avril. Lors de cette conf\u00e9rence, les \u00e9l\u00e8ves de l\u2019association ont pris la parole chacun leur tour, pour \u00e9valuer la situation et expliquer notre r\u00f4le sur notre consommation inconsciente et effr\u00e9n\u00e9e de produits manufactur\u00e9s. Cette surconsommation de tels produits pourrait \u00eatre \u00e0 l\u2019origine de notre perte car on continue \u00e0 surexploiter et \u00e0 consommer ce que la biosph\u00e8re est incapable de renouveler.<\/p>\n<p>Pour les personnes qui n\u2019auraient pu assister \u00e0 cette conf\u00e9rence, voici un r\u00e9sum\u00e9 de ce qui a \u00e9t\u00e9 dit\u00a0:<\/p>\n<blockquote><p>60% de nos d\u00e9chets peuvent \u00eatre recycl\u00e9s<\/p><\/blockquote>\n<p>L\u2019association avait \u00e9galement invit\u00e9 une responsable de l\u2019usine du tri s\u00e9lectif des d\u00e9chets de la mairie de Beyo\u011flu afin de mettre en place un projet commun de tri s\u00e9lectif des d\u00e9chets du lyc\u00e9e. Elle a donc expliqu\u00e9 l\u2019importance de ces petits gestes pour sauvegarder notre plan\u00e8te et prot\u00e9ger les \u00eatres vivants qui y vivent. 60% de nos d\u00e9chets peuvent \u00eatre recycl\u00e9s, c\u2019est-\u00e0-dire, \u00eatre r\u00e9utilis\u00e9s en limitant la pollution li\u00e9e \u00e0 la production de nouveaux produits et en \u00e9conomisant nos ressources naturelles dont les quantit\u00e9s sont limit\u00e9es sur terre.<\/p>\n<p>Le club environnement participe \u00e9galement activement \u00e0 la mise en place d\u2019\u00e9cogestes au lyc\u00e9e sur le th\u00e8me des \u00e9conomies d\u2019\u00e9nergie.<\/p>\n<p><strong>Le Dernek environnement.<\/strong><br class=\"autobr\" \/>Voici les vid\u00e9os r\u00e9alis\u00e9es par les membres de l\u2019association\u00a0:<\/p>\n","protected":false},"excerpt":{"rendered":"<p>Les \u00e9cogestes mis en place par l\u2019association environnement Cette surconsommation de tels produits pourrait \u00eatre \u00e0 l\u2019origine de notre perte Notre association environnement \u201c\u00c7evreyi Severek Payla\u015fma Derne\u011fi\u201d a tenu une conf\u00e9rence sur le th\u00e8me de \u00ab\u00a0l\u2019impact que nous avons sur [&hellip;]<\/p>\n","protected":false},"author":1,"featured_media":0,"comment_status":"open","ping_status":"open","sticky":false,"template":"","format":"standard","meta":{"_monsterinsights_skip_tracking":false,"_monsterinsights_sitenote_active":false,"_monsterinsights_sitenote_note":"","_monsterinsights_sitenote_category":0,"footnotes":""},"categories":[54],"tags":[],"class_list":["post-4905","post","type-post","status-publish","format-standard","hentry","category-developpement-durable"],"_links":{"self":[{"href":"https:\/\/www.sp.k12.tr\/fr\/wp-json\/wp\/v2\/posts\/4905","targetHints":{"allow":["GET"]}}],"collection":[{"href":"https:\/\/www.sp.k12.tr\/fr\/wp-json\/wp\/v2\/posts"}],"about":[{"href":"https:\/\/www.sp.k12.tr\/fr\/wp-json\/wp\/v2\/types\/post"}],"author":[{"embeddable":true,"href":"https:\/\/www.sp.k12.tr\/fr\/wp-json\/wp\/v2\/users\/1"}],"replies":[{"embeddable":true,"href":"https:\/\/www.sp.k12.tr\/fr\/wp-json\/wp\/v2\/comments?post=4905"}],"version-history":[{"count":0,"href":"https:\/\/www.sp.k12.tr\/fr\/wp-json\/wp\/v2\/posts\/4905\/revisions"}],"wp:attachment":[{"href":"https:\/\/www.sp.k12.tr\/fr\/wp-json\/wp\/v2\/media?parent=4905"}],"wp:term":[{"taxonomy":"category","embeddable":true,"href":"https:\/\/www.sp.k12.tr\/fr\/wp-json\/wp\/v2\/categories?post=4905"},{"taxonomy":"post_tag","embeddable":true,"href":"https:\/\/www.sp.k12.tr\/fr\/wp-json\/wp\/v2\/tags?post=4905"}],"curies":[{"name":"wp","href":"https:\/\/api.w.org\/{rel}","templated":true}]}}