{"id":49047,"date":"2022-09-06T16:00:07","date_gmt":"2022-09-06T13:00:07","guid":{"rendered":"https:\/\/www.sp.k12.tr\/?p=49047"},"modified":"2022-09-06T16:02:04","modified_gmt":"2022-09-06T13:02:04","slug":"lheure-de-la-rentree-a-sonne","status":"publish","type":"post","link":"https:\/\/www.sp.k12.tr\/fr\/lheure-de-la-rentree-a-sonne\/","title":{"rendered":"L&rsquo;heure de la rentr\u00e9e a sonn\u00e9 !"},"content":{"rendered":"<div class=\"gmail_default\">\n<p>Ce lundi 5 septembre, les classes pr\u00e9paratoires sous l&rsquo;\u0153il bienveillant de leurs professeurs ont fait leurs premiers pas au lyc\u00e9e et ouvrent une page blanche dans leur vie \u00e9tudiante. Pour les 12\u00e8mes, cette rentr\u00e9e sera la derni\u00e8re de leur scolarit\u00e9 au Lyc\u00e9e Sainte Pulch\u00e9rie et elle leur a fait la part belle. Les ma\u00eetres de c\u00e9r\u00e9monie \u00e9taient deux \u00e9l\u00e8ves, Lal de 11\u00e8me et Beril de 9\u00e8me que nous f\u00e9licitons pour leur courage !<\/p>\n<p>Chacun a suivi avec attention les discours inauguraux de la Directrice de l&rsquo;\u00e9tablissement Mme Hermine Rid\u00e9, de son Adjointe turque Mme Min\u00e2 Akcen et de notre repr\u00e9sentante de Tutelle Soeur Maggy, dont voici des extraits.<\/p>\n<p><em>\u00ab\u00a0(&#8230;) Ces murs abritent bien des histoires, et l\u2019histoire c\u2019est vous qui la continuez. Ici, \u00e0 SP, et hors de ces murs aussi (&#8230;). Alors, quelle histoire souhaitons-nous \u00e9crire avec vous ? Celles des valeurs fondatrices de l\u2019\u00e9tablissement adapt\u00e9es au monde dans lequel nous vivons, aujourd\u2019hui. (&#8230;) A la veille du centenaire de la R\u00e9publique, l\u2019histoire est ce que vous en ferez. En\u00a0 affirmant fi\u00e8rement les valeurs que vous portez et qui vous portent, cette histoire vous ressemblera parce que vous y mettrez du sens. Et vous pourrez donner le meilleur de vous-m\u00eame tout en faisant preuve d\u2019humilit\u00e9 et en \u00e9tant fier d\u2019\u00eatre ce que vous \u00eates.\u00a0\u00bb<\/em> Mme Hermine Rid\u00e9<\/p>\n<p>&nbsp;<\/p>\n<p><em>\u00ab\u00a0(&#8230;) Nos \u00e9l\u00e8ves des classes pr\u00e9paratoires et nos \u00e9l\u00e8ves qui sont pass\u00e9s directement en 9\u00e8me, font leurs tous premiers pas aujourd\u2019hui au lyc\u00e9e Sainte Pulch\u00e9rie porteurs d\u2019une histoire \u00e9ducative de 176 ans. Je suis s\u00fbre que vous remplirez cette premi\u00e8re page qui vient de s\u2019ouvrir devant vous avec de nouvelles histoires et toute votre cr\u00e9ativit\u00e9. Bienvenue \u00e0 Sainte Pulch\u00e9rie, notre lyc\u00e9e. Nous profitons de cette occasion pour remercier chacun de nos chers parents pour la confiance qu&rsquo;ils nous t\u00e9moignent. (&#8230;)\u00a0\u00bb <\/em>Mme Min\u00e2 Akcen<\/p>\n<p>&nbsp;<\/p>\n<p><em>\u00ab\u00a0(&#8230;) Recommencer une ann\u00e9e scolaire, c&rsquo;est comme se trouver devant une toile blanche qui attend d&rsquo;\u00eatre remplie de couleurs et de devenir un tableau qui \u00e0 la fin de l&rsquo;ann\u00e9e vous \u00e9tonne et fait l&rsquo;admiration de tous ceux qui vous ont accompagn\u00e9s et aid\u00e9s \u00e0 le r\u00e9aliser. Aujourd&rsquo;hui, premier jour de tous les possibles \u00e0 venir pour chacun. Soyez s\u00fbrs que vous pouvez continuer \u00e0 compter sur l&rsquo;appui de tous les membres de votre nouvelle famille pour les uns et ancienne pour les autres. Vous savez aussi que votre engagement est essentiel pour grandir et devenir une personne attentionn\u00e9e aux autres et pr\u00eate \u00e0 se donner pour le bien de tous, \u00e0 mettre ses talents au service de tous.\u00a0\u00bb <\/em>Soeur Maggy<\/p>\n<p>&nbsp;<\/p>\n<p>Notre toute jeune dipl\u00f4m\u00e9e Beril a ensuite pris la parole pour partager son exp\u00e9rience de ses ann\u00e9es lyc\u00e9e avec les \u00e9l\u00e8ves et leur souhaiter une bonne rentr\u00e9e. Enfin, cette ann\u00e9e, une attention toute particuli\u00e8re a \u00e9t\u00e9 donn\u00e9e aux 12\u00e8mes qui ont \u00e9t\u00e9 invit\u00e9s \u00e0 partager un petit d\u00e9jeuner avec les professeurs encadrants de l&rsquo;\u00e9quipe p\u00e9dagogique de 12\u00e8me.<\/p>\n<p>Nous souhaitons une bonne rentr\u00e9e et une bonne ann\u00e9e scolaire \u00e0 tous nos \u00e9l\u00e8ves, nos professeurs, membres de l\u2019administration et du personnel.<\/p>\n<\/div>\n","protected":false},"excerpt":{"rendered":"<p>Ce lundi 5 septembre, les classes pr\u00e9paratoires sous l&rsquo;\u0153il bienveillant de leurs professeurs ont fait leurs premiers pas au lyc\u00e9e et ouvrent une page blanche dans leur vie \u00e9tudiante. Pour les 12\u00e8mes, cette rentr\u00e9e sera la derni\u00e8re de leur scolarit\u00e9 [&hellip;]<\/p>\n","protected":false},"author":1,"featured_media":49083,"comment_status":"open","ping_status":"open","sticky":false,"template":"","format":"gallery","meta":{"_monsterinsights_skip_tracking":false,"_monsterinsights_sitenote_active":false,"_monsterinsights_sitenote_note":"","_monsterinsights_sitenote_category":0,"footnotes":""},"categories":[52,425],"tags":[],"class_list":["post-49047","post","type-post","status-publish","format-gallery","has-post-thumbnail","hentry","category-ceremonies-et-histoire","category-slayt","post_format-post-format-gallery"],"_links":{"self":[{"href":"https:\/\/www.sp.k12.tr\/fr\/wp-json\/wp\/v2\/posts\/49047","targetHints":{"allow":["GET"]}}],"collection":[{"href":"https:\/\/www.sp.k12.tr\/fr\/wp-json\/wp\/v2\/posts"}],"about":[{"href":"https:\/\/www.sp.k12.tr\/fr\/wp-json\/wp\/v2\/types\/post"}],"author":[{"embeddable":true,"href":"https:\/\/www.sp.k12.tr\/fr\/wp-json\/wp\/v2\/users\/1"}],"replies":[{"embeddable":true,"href":"https:\/\/www.sp.k12.tr\/fr\/wp-json\/wp\/v2\/comments?post=49047"}],"version-history":[{"count":0,"href":"https:\/\/www.sp.k12.tr\/fr\/wp-json\/wp\/v2\/posts\/49047\/revisions"}],"wp:featuredmedia":[{"embeddable":true,"href":"https:\/\/www.sp.k12.tr\/fr\/wp-json\/wp\/v2\/media\/49083"}],"wp:attachment":[{"href":"https:\/\/www.sp.k12.tr\/fr\/wp-json\/wp\/v2\/media?parent=49047"}],"wp:term":[{"taxonomy":"category","embeddable":true,"href":"https:\/\/www.sp.k12.tr\/fr\/wp-json\/wp\/v2\/categories?post=49047"},{"taxonomy":"post_tag","embeddable":true,"href":"https:\/\/www.sp.k12.tr\/fr\/wp-json\/wp\/v2\/tags?post=49047"}],"curies":[{"name":"wp","href":"https:\/\/api.w.org\/{rel}","templated":true}]}}