{"id":47853,"date":"2022-06-23T11:36:00","date_gmt":"2022-06-23T08:36:00","guid":{"rendered":"https:\/\/www.sp.k12.tr\/?p=47853"},"modified":"2022-06-23T14:20:45","modified_gmt":"2022-06-23T11:20:45","slug":"spmun22-modelisation-des-nations-unies-a-sp","status":"publish","type":"post","link":"https:\/\/www.sp.k12.tr\/fr\/spmun22-modelisation-des-nations-unies-a-sp\/","title":{"rendered":"SPMUN&rsquo;22 : mod\u00e9lisation des Nations Unies \u00e0 SP"},"content":{"rendered":"<p><span style=\"font-weight: 400;\">Pendant la c\u00e9r\u00e9monie d\u2019ouverture, nous avons eu la chance d\u2019\u00e9couter les discours des intervenants experts sur notre th\u00e8me g\u00e9n\u00e9ral. <\/span><span style=\"font-weight: 400;\">Apr\u00e8s le mot de bienvenue de notre directrice Mme Hermine Rid\u00e9, et de notre directrice adjointe turque Mme Mina Akcen, nous avons \u00e9cout\u00e9 les discours des experts.<\/span><\/p>\n<p><span style=\"font-weight: 400;\"><strong>M. Jomo Kwame Sundaram<\/strong>, professeur \u00e9m\u00e9rite, ancien fonctionnaire \u00e0 l\u2019ONU et ancien directeur de FAO, a prononc\u00e9 un discours en anglais en tra\u00e7ant l\u2019histoire de l\u2019ONU et en insistant sur la n\u00e9cessit\u00e9 de l\u2019inclusion et de l\u2019\u00e9galit\u00e9 entre les pays.<\/span><\/p>\n<p><span style=\"font-weight: 400;\"><strong>M. G\u00fcney Okumu\u015f<\/strong>, chercheur \u00e0 l\u2019Universit\u00e9 Libre de Bruxelles s\u2019est adress\u00e9 aux \u00e9l\u00e8ves pour leur faire part du fonctionnement dans les organisations internationales.<\/span><\/p>\n<p><span style=\"font-weight: 400;\">Nous avons \u00e9t\u00e9 honor\u00e9s par la pr\u00e9sence de <strong>M. Olivier Gauvin<\/strong>, consul g\u00e9n\u00e9ral de France \u00e0 Istanbul, et de <strong>M. Vincent Brousse<\/strong>, attach\u00e9 de coop\u00e9ration pour le fran\u00e7ais \u00e0 l\u2019Institut fran\u00e7ais. Ils ont f\u00e9licit\u00e9 les \u00e9l\u00e8ves pour leurs nombreuses activit\u00e9s culturelles et sociales qui font vivre la francophonie.<\/span><\/p>\n<p><span style=\"font-weight: 400;\">Cela a \u00e9t\u00e9 tr\u00e8s b\u00e9n\u00e9fique de commencer cette sixi\u00e8me \u00e9dition de SPMUN d\u2019une fa\u00e7on informative. <\/span><span style=\"font-weight: 400;\">Apr\u00e8s la c\u00e9r\u00e9monie d\u2019ouverture, nous avons tout de suite entam\u00e9 le travail en comit\u00e9s.<\/span><\/p>\n<ul>\n<li><span style=\"font-weight: 400;\">Dans le <strong>Conseil de S\u00e9curit\u00e9<\/strong> on n\u2019a pas oubli\u00e9 d\u2019amuser m\u00eame si dans une sujet qui est assez polaris\u00e9, la guerre russo-ukrainienne. Comme tous les d\u00e9l\u00e9gu\u00e9s ont \u00e9t\u00e9 bien pr\u00e9par\u00e9s pour la conf\u00e9rence, on a pu faire des d\u00e9bats fructueux sur des r\u00e9solutions qui vont nous aider dans notre objectif de vivre dans un monde o\u00f9 il n\u2019y a plus de guerre. On f\u00e9licite tous les d\u00e9l\u00e9gu\u00e9s pour leurs travaux, leurs int\u00e9r\u00eats et leurs participations. Nous, les d\u00e9l\u00e9gu\u00e9s et la pr\u00e9sidence, nous sommes vraiment honor\u00e9s d\u2019avoir l\u2019opportunit\u00e9 d\u2019entendre <strong>M. Quentin Tayfun LEVET<\/strong>, il a fait une excellente pr\u00e9sentation sur comment il a contribu\u00e9 \u00e0 notre soci\u00e9t\u00e9 depuis des dizaines d&rsquo; ann\u00e9es. Puis on a eu la chance de lui poser quelques questions auxquelles il a r\u00e9pondu sans aucun choix. Nous remercions M. Levet pour son int\u00e9r\u00eat, gr\u00e2ce \u00e0 lui on arrive \u00e0 comprendre de fonctionnement de CS, comme il y a travaill\u00e9, il nous a expliqu\u00e9 ce qu\u2019on verra dans l\u2019avenir. Nous le remercions et f\u00e9licitons les d\u00e9l\u00e9gu\u00e9s pour leurs questions bien pr\u00e9par\u00e9es.<\/span><\/li>\n<li><span style=\"font-weight: 400;\"><strong>Dans le conseil \u00c9conomique et Social<\/strong>, on a \u00e9crit une r\u00e9solution sur la l\u00e9galisation des crypto-monnaies dans les domaines micro et macro\u00e9conomiques, et les paradis fiscaux. Nos d\u00e9l\u00e9gu\u00e9s \u00e9taient vraiment tr\u00e8s motiv\u00e9s et on a bien travaill\u00e9 pendant les sessions, mais on n\u2019a pas seulement travaill\u00e9, on a aussi jou\u00e9 plusieurs jeux qui \u00e9taient tr\u00e8s amusants (comme le \u00ab soulmate \u00bb ou des jeux de carte), mais la partie la plus amusante \u00e9tait probablement la partie o\u00f9 on a lit les gossips que les d\u00e9l\u00e9gu\u00e9s ont \u00e9crit au gossip-box. Nous vous f\u00e9licitons et remercions tous les d\u00e9l\u00e9gu\u00e9s qui ont particip\u00e9, vous \u00e9tiez tous incroyables !<\/span><\/li>\n<li><span style=\"font-weight: 400;\"><strong>Le comit\u00e9 Environnement<\/strong> a travaill\u00e9 sur la probl\u00e9matique des r\u00e9fugi\u00e9s climatiques, autour de la question \u201cDoit-on aller vers une nouvelle convention de Gen\u00e8ve\u201d. D\u00e9j\u00e0 \u00e0 la fin de la premi\u00e8re journ\u00e9e; il a produit deux r\u00e9solutions bien d\u00e9taill\u00e9es pour proposer des solutions.<\/span><\/li>\n<li><span style=\"font-weight: 400;\"><span style=\"font-weight: 400;\"><strong>Le comit\u00e9 joint Droits Humains et Recherche\/Technologie<\/strong> avait choisi des sujets sur l\u2019intelligence artificielle et la suraccumulation des donn\u00e9es personnelles. Les d\u00e9bats sur les enjeux de notre monde num\u00e9rique et avanc\u00e9 en technologie, ont \u00e9t\u00e9 passionnants. Dans le comit\u00e9 Droits Humains, nous avons eu la chance de rencontrer l&rsquo;une des dipl\u00f4m\u00e9es de notre lyc\u00e9e, qui est aujourd\u2019hui avocate et sp\u00e9cialis\u00e9e dans le droit num\u00e9rique. Un grand merci \u00e0 <strong>Ma\u00eetre Naz Deniz AK KALSIN<\/strong>.<\/span><\/span>\n<p><span style=\"font-weight: 400;\">Le comit\u00e9 Recherche et Technologie a accueilli <strong>M. Cem SAY<\/strong>, professeur \u00e0 l\u2019Universit\u00e9 de Bo\u011fazi\u00e7i. C\u2019est l\u2019un des plus grands sp\u00e9cialistes de l\u2019intelligence artificielle en Turquie. Son intervention qui a \u00e9t\u00e9 enti\u00e8rement consacr\u00e9e aux questions du comit\u00e9 \u00e9tait tr\u00e8s inspirante.<\/span><\/p>\n<\/li>\n<li><span style=\"font-weight: 400;\">Dans <strong>La Cour Internationale de Justice<\/strong>, nous avons trait\u00e9 l\u2019Affaire LaGrand qui se passe entre les Etats-Unis et l\u2019Allemagne. Les avocats, les juges et les t\u00e9moins ont tr\u00e8s bien travaill\u00e9 pendant les deux jours. Nous avons \u00e9galement eu l\u2019honneur d&rsquo;accueillir <strong>Pierre-Marie DUPUY<\/strong>, professeur \u00e9m\u00e9rite du droit international et le conseiller de l\u2019Affaire Lagrand. Son intervention informative et sinc\u00e8re \u00e0 la fois, a apport\u00e9 une nouvelle dimension \u00e0 notre comit\u00e9. <\/span>M. Pierre-Marie DUPUY nous a honor\u00e9s avec sa pr\u00e9sence. C\u2019\u00e9tait une chance exceptionnelle de pouvoir \u00e9couter le vrai conseiller de l\u2019affaire qu\u2019on \u00e9tait en train de traiter au sein de notre comit\u00e9. M. Dupuy nous a expliqu\u00e9 l\u2019Affaire LaGrand tout en nous apprenant les bases du droit international. Il a clos son intervention en exprimant son admiration pour les jeunes gens qui s\u2019int\u00e9ressent aux questions juridiques du monde contemporain et il a souhait\u00e9 de bonnes continuations \u00e0 tous nos participants. Nous remercions M. Pierre-Marie Dupuy du fond du c\u0153ur de nous avoir consacr\u00e9 du temps, surtout pendant une p\u00e9riode tellement charg\u00e9e pour lui. <span style=\"font-weight: 400;\">Finalement, les juges ont rendu la justice: le verdict a \u00e9t\u00e9 lu pendant la c\u00e9r\u00e9monie de cl\u00f4ture.<\/span><\/li>\n<\/ul>\n<p>Toutes les r\u00e9solutions sont maintenant consultables en ligne sur <a href=\"https:\/\/sites.google.com\/sp.k12.tr\/spmun\/accueil\">le site Internet de SPMUN.<\/a><\/p>\n<p><span style=\"font-weight: 400;\">\u00c0 la fin des deux jours intenses de d\u00e9bat, nous avons organis\u00e9 une c\u00e9r\u00e9monie de cl\u00f4ture afin de faire une br\u00e8ve conclusion de la conf\u00e9rence. Premi\u00e8rement, nous avons \u00e9cout\u00e9 le discours de Madame la Directrice Adjointe Turque, Mina Akcen. Ensuite, les \u00c9tats-Majors de tous les comit\u00e9s ont r\u00e9sum\u00e9 leurs exp\u00e9riences de SPMUN\u201922 et ils ont \u00e9galement annonc\u00e9 les \u201cmeilleurs\u201d de leurs comit\u00e9s. Enfin, nous avons \u00e9cout\u00e9 le discours de notre secr\u00e9taire g\u00e9n\u00e9rale. La conf\u00e9rence SPMUN\u201922 fut une exp\u00e9rience inoubliable, ainsi que sa cl\u00f4ture. <\/span><span style=\"font-weight: 400;\">Voici les \u201cmeilleurs d\u00e9l\u00e9gu\u00e9s\u201d de SPMUN&rsquo;22:<\/span><\/p>\n<p style=\"text-align: center;\"><em>Conseil de S\u00e9curit\u00e9 :\u00a0<\/em><strong><em>Defne B. \u00ab La d\u00e9l\u00e9gation de la Russie \u00bb<\/em><\/strong><\/p>\n<p style=\"text-align: center;\"><em>Comit\u00e9 joint ECOSOC et Environnement : <\/em><strong><em>Defne \u00d6.\u00a0 \u00ab La d\u00e9l\u00e9gation de la France \u00bb<\/em><\/strong><\/p>\n<p style=\"text-align: center;\"><em>Comit\u00e9 joint Science-Technologie \/ Droits Humains : <\/em><\/p>\n<p style=\"text-align: center;\"><em><strong>Azra T. \u00ab La d\u00e9l\u00e9gation des Etats-Unis \u00bb <\/strong>et<strong> Teo C. \u00ab La d\u00e9l\u00e9gation de la Russie \u00bb<\/strong><\/em><\/p>\n<p style=\"text-align: center;\"><em>CIJ: <\/em><strong><em>Meilleure juge: Nil\u00fcfer D. et\u00a0Meilleure avocate: Ay\u015fenur \u00c7. (d\u00e9fense)<\/em><\/strong><\/p>\n<p style=\"text-align: center;\">\u00a0<\/p>\n<p><span style=\"font-weight: 400;\">Pour rejoindre le Club MUN l\u2019ann\u00e9e prochaine, il fallait que vous participiez \u00e0 SPMUN. Ceux qui l\u2019ont d\u00e9j\u00e0 fait, f\u00e9licitations ! Vous avez accompli la premi\u00e8re \u00e9tape. La deuxi\u00e8me chose que vous devez faire, c\u2019est de remplir <\/span><a href=\"https:\/\/forms.gle\/Rq6zTy8k87kvJsn46\"><span style=\"font-weight: 400;\">ce formulaire<\/span><\/a><span style=\"font-weight: 400;\">. Enfin, vous devez envoyer une lettre de motivation \u00e0 la Conseill\u00e8re des clubs MUN, Madame Deniz G\u00fcnce Demirhisar <\/span><span style=\"font-weight: 400;\">(<\/span><a href=\"mailto:gunce.demirhisar@sp.k12.tr\"><span style=\"font-weight: 400;\">gunce.demirhisar@sp.k12.tr<\/span><\/a><span style=\"font-weight: 400;\">) jusqu&rsquo;au 24 juin \u00e0 17h. Dans cette lettre de motivation, vous devez \u00e9crire pourquoi vous voulez rejoindre le Club MUN et ce qui vous int\u00e9resse. Vous pouvez trouver plus d\u2019informations sur cette lettre et sur les candidatures dans <\/span><a href=\"https:\/\/sites.google.com\/sp.k12.tr\/spmun\/crit%C3%A8res-de-s%C3%A9lection-%C3%A0-nos-clubs?authuser=0\"><span style=\"font-weight: 400;\">ce lien<\/span><\/a><span style=\"font-weight: 400;\">. Si vous voulez rejoindre MUN francophone, cette lettre doit \u00eatre en fran\u00e7ais, et vice-versa pour MUN anglophone.<\/span><\/p>\n<p><span style=\"font-weight: 400;\">Nous remercions du fond du c\u0153ur tous ceux qui ont contribu\u00e9 \u00e0 la r\u00e9alisation de cette conf\u00e9rence. Merci aux services communication et informatique ainsi qu\u2019\u00e0 tous les travailleurs du lyc\u00e9e qui nous ont aid\u00e9 tout au long de la pr\u00e9paration et de la mise en place. <\/span><\/p>\n<p><span style=\"font-weight: 400;\">Merci \u00e0 tous les \u00e9l\u00e8ves participants ! Nous esp\u00e9rons vous voir encore plus nombreux \u00e0 SPMUN\u201923 !<\/span><\/p>\n<p><span style=\"font-weight: 400;\"> <a href=\"https:\/\/www.instagram.com\/club_spmun\/\">suivez nous sur instagram\u00a0 @club_spmun<\/a><\/span><\/p>\n","protected":false},"excerpt":{"rendered":"<p>Pendant la c\u00e9r\u00e9monie d\u2019ouverture, nous avons eu la chance d\u2019\u00e9couter les discours des intervenants experts sur notre th\u00e8me g\u00e9n\u00e9ral. Apr\u00e8s le mot de bienvenue de notre directrice Mme Hermine Rid\u00e9, et de notre directrice adjointe turque Mme Mina Akcen, nous [&hellip;]<\/p>\n","protected":false},"author":1,"featured_media":47894,"comment_status":"open","ping_status":"open","sticky":false,"template":"post-template.php","format":"standard","meta":{"_monsterinsights_skip_tracking":false,"_monsterinsights_sitenote_active":false,"_monsterinsights_sitenote_note":"","_monsterinsights_sitenote_category":0,"footnotes":""},"categories":[157,55,425,57],"tags":[],"class_list":["post-47853","post","type-post","status-publish","format-standard","has-post-thumbnail","hentry","category-programmation-scolaire","category-rencontres","category-slayt","category-travaux-des-eleves"],"_links":{"self":[{"href":"https:\/\/www.sp.k12.tr\/fr\/wp-json\/wp\/v2\/posts\/47853","targetHints":{"allow":["GET"]}}],"collection":[{"href":"https:\/\/www.sp.k12.tr\/fr\/wp-json\/wp\/v2\/posts"}],"about":[{"href":"https:\/\/www.sp.k12.tr\/fr\/wp-json\/wp\/v2\/types\/post"}],"author":[{"embeddable":true,"href":"https:\/\/www.sp.k12.tr\/fr\/wp-json\/wp\/v2\/users\/1"}],"replies":[{"embeddable":true,"href":"https:\/\/www.sp.k12.tr\/fr\/wp-json\/wp\/v2\/comments?post=47853"}],"version-history":[{"count":0,"href":"https:\/\/www.sp.k12.tr\/fr\/wp-json\/wp\/v2\/posts\/47853\/revisions"}],"wp:featuredmedia":[{"embeddable":true,"href":"https:\/\/www.sp.k12.tr\/fr\/wp-json\/wp\/v2\/media\/47894"}],"wp:attachment":[{"href":"https:\/\/www.sp.k12.tr\/fr\/wp-json\/wp\/v2\/media?parent=47853"}],"wp:term":[{"taxonomy":"category","embeddable":true,"href":"https:\/\/www.sp.k12.tr\/fr\/wp-json\/wp\/v2\/categories?post=47853"},{"taxonomy":"post_tag","embeddable":true,"href":"https:\/\/www.sp.k12.tr\/fr\/wp-json\/wp\/v2\/tags?post=47853"}],"curies":[{"name":"wp","href":"https:\/\/api.w.org\/{rel}","templated":true}]}}