{"id":4723,"date":"2015-01-14T14:20:19","date_gmt":"2015-01-14T11:20:19","guid":{"rendered":"https:\/\/www.sp.k12.tr\/?p=4723"},"modified":"2019-12-26T14:21:07","modified_gmt":"2019-12-26T11:21:07","slug":"retour-sur-les-petits-facteurs-de-la-paix","status":"publish","type":"post","link":"https:\/\/www.sp.k12.tr\/fr\/retour-sur-les-petits-facteurs-de-la-paix\/","title":{"rendered":"Retour sur.. les Petits Facteurs de La Paix"},"content":{"rendered":"<p>Nous avons f\u00eat\u00e9 cette ann\u00e9e la 10\u00e8me \u00e9dition des petits facteurs du Lyc\u00e9e Sainte Pulch\u00e9rie. Rappelons le principe\u00a0: tous les \u00e9l\u00e8ves des classes pr\u00e9paratoires pr\u00e9parent, dans le cadre de leur cours de fran\u00e7ais, des cartes de v\u0153ux, des animations, des g\u00e2teaux, en pr\u00e9paration d\u2019une grande rencontre de la solidarit\u00e9. Ils se rendent ensuite \u00e0 l\u2019H\u00f4pital de la Paix distribuer leurs cartes de voeux, \u00e9changer avec les r\u00e9sidents, partager un grand go\u00fbter autour de chants.<\/p>\n<p>Les petits facteurs de La Paix c\u2019est l\u2019occasion pour nos plus jeunes \u00e9l\u00e8ves de nouer des relations avec les r\u00e9sidents de l\u2019H\u00f4pital et cette activit\u00e9 s\u2019inscrit dans le cadre du partenariat men\u00e9 avec l\u2019H\u00f4pital tout au long de l\u2019ann\u00e9e scolaire.<\/p>\n<p>Cet \u00e9v\u00e9nement a fait l\u2019objet d\u2019un \u00ab\u00a0Focus\u00a0\u00bb au mois de d\u00e9cembre. Retrouvez le\u00a0<a href=\"https:\/\/www.sp.k12.tr\/spip.php?page=article&amp;id_article=9018\">ici<\/a><\/p>\n<p>Mais aussi d\u2019une vid\u00e9o qui montre les pr\u00e9paratifs avant le grand d\u00e9part\u00a0!<\/p>\n","protected":false},"excerpt":{"rendered":"<p>Nous avons f\u00eat\u00e9 cette ann\u00e9e la 10\u00e8me \u00e9dition des petits facteurs du Lyc\u00e9e Sainte Pulch\u00e9rie. Rappelons le principe\u00a0: tous les \u00e9l\u00e8ves des classes pr\u00e9paratoires pr\u00e9parent, dans le cadre de leur cours de fran\u00e7ais, des cartes de v\u0153ux, des animations, des [&hellip;]<\/p>\n","protected":false},"author":1,"featured_media":0,"comment_status":"open","ping_status":"open","sticky":false,"template":"","format":"standard","meta":{"_monsterinsights_skip_tracking":false,"_monsterinsights_sitenote_active":false,"_monsterinsights_sitenote_note":"","_monsterinsights_sitenote_category":0,"footnotes":""},"categories":[54],"tags":[],"class_list":["post-4723","post","type-post","status-publish","format-standard","hentry","category-developpement-durable"],"_links":{"self":[{"href":"https:\/\/www.sp.k12.tr\/fr\/wp-json\/wp\/v2\/posts\/4723","targetHints":{"allow":["GET"]}}],"collection":[{"href":"https:\/\/www.sp.k12.tr\/fr\/wp-json\/wp\/v2\/posts"}],"about":[{"href":"https:\/\/www.sp.k12.tr\/fr\/wp-json\/wp\/v2\/types\/post"}],"author":[{"embeddable":true,"href":"https:\/\/www.sp.k12.tr\/fr\/wp-json\/wp\/v2\/users\/1"}],"replies":[{"embeddable":true,"href":"https:\/\/www.sp.k12.tr\/fr\/wp-json\/wp\/v2\/comments?post=4723"}],"version-history":[{"count":0,"href":"https:\/\/www.sp.k12.tr\/fr\/wp-json\/wp\/v2\/posts\/4723\/revisions"}],"wp:attachment":[{"href":"https:\/\/www.sp.k12.tr\/fr\/wp-json\/wp\/v2\/media?parent=4723"}],"wp:term":[{"taxonomy":"category","embeddable":true,"href":"https:\/\/www.sp.k12.tr\/fr\/wp-json\/wp\/v2\/categories?post=4723"},{"taxonomy":"post_tag","embeddable":true,"href":"https:\/\/www.sp.k12.tr\/fr\/wp-json\/wp\/v2\/tags?post=4723"}],"curies":[{"name":"wp","href":"https:\/\/api.w.org\/{rel}","templated":true}]}}