{"id":47042,"date":"2022-07-23T10:24:27","date_gmt":"2022-07-23T07:24:27","guid":{"rendered":"https:\/\/www.sp.k12.tr\/?p=47042"},"modified":"2022-08-23T10:01:48","modified_gmt":"2022-08-23T07:01:48","slug":"mot-de-la-directrice","status":"publish","type":"post","link":"https:\/\/www.sp.k12.tr\/fr\/mot-de-la-directrice\/","title":{"rendered":"Mot de la directrice"},"content":{"rendered":"<div class=\"edgtf-post-text-main\">\n<blockquote>\n<p><strong><i>\u201cL\u2019AVENIR, TU N\u2019AS PAS \u00c0 LE PR\u00c9VOIR, MAIS \u00c0 LE PERMETTRE\u201d<\/i>\u00a0DISAIT SAINT-EXUP\u00c9RY.\u00a0<\/strong><\/p>\n<\/blockquote>\n<p>En tant qu\u2019\u00e9ducateurs, il nous revient de penser que l\u2019avenir que nous pr\u00e9parons n\u2019est pas le n\u00f4tre, mais celui des jeunes.<\/p>\n<p>Or, de quoi le monde de demain aura-t-il besoin\u00a0? Nul ne peut l\u2019affirmer avec certitude. Et pourtant, l\u2019exp\u00e9rience nous montre que nous aurons toujours besoin de prendre au s\u00e9rieux la fascinante complexit\u00e9 des hommes, des choses et des \u00e9v\u00e9nements pour projeter avec le r\u00e9el, et \u00e9laborer des r\u00e9ponses qui puissent \u00eatre partag\u00e9es par le plus grand nombre.<\/p>\n<p>La mission de la communaut\u00e9 \u00e9ducative du lyc\u00e9e Sainte Pulch\u00e9rie est donc d\u2019accompagner chacun des jeunes qu\u2019elle accueille sur le chemin qui est le sien. Accompagner dans et par l\u2019exp\u00e9rience :\u00a0 celle du sens,\u00a0 selon les trois acceptions du terme, en fran\u00e7ais :<b><\/b><\/p>\n<p>&nbsp;<\/p>\n<p><b>\u00a0 \u00a0 1. Le sens, en tant que facult\u00e9 d\u2019\u00e9prouver des sensations<\/b><\/p>\n<p>La p\u00e9riode adolescente est un moment crucial dans la construction de soi. L\u2019\u00e9quipe \u00e9ducative de Sainte Pulch\u00e9rie veille \u00e0 porter une attention particuli\u00e8re \u00e0 chacun de ses \u00e9l\u00e8ves pour leur permettre\u00a0 de s\u2019\u00e9veiller \u00e0 eux-m\u00eames et aux autres en leur donnant le go\u00fbt du beau, indissociable du bien et du vrai.\u00a0En ce sens, le plurilinguisme et l\u2019interculturalit\u00e9 v\u00e9cue, les projets de\u00a0 partage et de rencontres offrent \u00e0 nos jeunes une ouverture n\u00e9cessaire pour conna\u00eetre le fonctionnement du monde. Regarder, \u00e9couter et sentir pour se laisser saisir et oser vivre l\u2019audace du soin et du respect, malgr\u00e9 les diff\u00e9rences.<\/p>\n<p><b>\u00a0 \u00a0 2. Le sens, en tant que signification<\/b><\/p>\n<p>Apprendre, c\u2019est mettre du sens sur des connaissances et d\u00e9velopper des savoirs, savoir-faire et savoir-\u00eatre pour initier des processus de r\u00e9flexion et d\u2019action et ainsi g\u00e9n\u00e9rer des dynamismes nouveaux.<\/p>\n<p>L\u2019\u00e9quipe \u00e9ducative de Sainte Pulch\u00e9rie s\u2019efforce avec vigilance,\u00a0discipline\u00a0et\u00a0inventivit\u00e9 de permettre \u00e0 chaque jeune d\u2019\u00eatre acteur de son apprentissage. Celui-ci passe par l\u2019invitation \u00e0 questionner, \u00e0 comprendre, \u00e0\u00a0dialoguer et \u00e0 confronter pour associer aux savoirs re\u00e7us une responsabilit\u00e9 plus grande : la libert\u00e9 de pens\u00e9e impose le devoir de r\u00e9fl\u00e9chir ; la libert\u00e9 de parole n\u00e9cessite le devoir d\u2019\u00e9couter et la libert\u00e9 d\u2019agir ne va pas sans le devoir de congruence.<\/p>\n<p>Apprendre, c\u2019est d\u00e9velopper ses connaissances pour vivre l\u2019\u00e9preuve de la coh\u00e9sion qui n\u2019est autre que le devoir de\u00a0fraternit\u00e9\u00a0raisonn\u00e9e.<\/p>\n<p><b>\u00a0 \u00a0 \u00a03. Le sens, en tant que direction<\/b><\/p>\n<p>Nos jeunes ne sont que de passage entre nos murs. Leur avenir s\u2019\u00e9tend bien au-del\u00e0.<\/p>\n<p>Il s\u2019agit donc pour l\u2019\u00e9quipe \u00e9ducative de Sainte Pulch\u00e9rie de se tenir pr\u00e9sente et disponible aupr\u00e8s des jeunes pendant ces 5 ann\u00e9es pour les guider et les orienter dans leurs choix d\u2019\u00e9tude et professionnels. En ce sens, elle encourage la prise d\u2019initiative qui implique recherche, courage et cr\u00e9ativit\u00e9. Elle d\u00e9veloppe l\u2019autonomie pour permettre \u00e0 chacun de pr\u00e9parer son itin\u00e9raire en fixant l\u2019horizon, et ainsi de construire son parcours en se donnant les moyens de l\u2019atteindre, sans se refuser le droit \u00e0 l\u2019erreur.\u00a0<\/p>\n<p>&nbsp;<\/p>\n<p>Sainte Pulch\u00e9rie se veut une \u00e9cole de toutes les intelligences, celles des jeunes comme celles des adultes, pour vivre avec son temps et pr\u00e9parer leurs lendemains. Car demain sera le fruit de nos pens\u00e9es, de nos choix, et des valeurs que nous affirmons aujourd\u2019hui, ensemble. Les jeunes doivent nous guider vers leur avenir. Mais c\u2019est \u00e0 nous, adultes, qu\u2019il revient de faire grandir de futurs citoyens form\u00e9s, responsables, justes et solidaires, unis autour d\u2019une m\u00eame capacit\u00e9 \u00e0 agir, chacun selon ses talents. Non, nous n\u2019avons pas \u00e0 pr\u00e9voir l\u2019avenir, mais nous nous devons de le donner \u00e0 voir, d\u00e8s aujourd\u2019hui.<\/p>\n<p>Je vous invite \u00e0 consulter les pages de notre site Internet et de nos diff\u00e9rents r\u00e9seaux sociaux pour d\u00e9couvrir plus pr\u00e9cis\u00e9ment les activit\u00e9s p\u00e9dagogiques et artistiques, ainsi que les projets mis en \u0153uvre par toute notre communaut\u00e9 \u00e9ducative pour donner du sens et accompagner le cheminement de vos enfants.<\/p>\n<p>&nbsp;<\/p>\n<p>Hermine RID\u00c9<br \/>\nDirectrice du Lyc\u00e9e Sainte Pulch\u00e9rie<\/p>\n<\/div>\n<div class=\"edgtf-post-info-bottom clearfix\">\u00a0<\/div>\n","protected":false},"excerpt":{"rendered":"<p>\u201cL\u2019AVENIR, TU N\u2019AS PAS \u00c0 LE PR\u00c9VOIR, MAIS \u00c0 LE PERMETTRE\u201d\u00a0DISAIT SAINT-EXUP\u00c9RY.\u00a0 En tant qu\u2019\u00e9ducateurs, il nous revient de penser que l\u2019avenir que nous pr\u00e9parons n\u2019est pas le n\u00f4tre, mais celui des jeunes. Or, de quoi le monde de demain [&hellip;]<\/p>\n","protected":false},"author":1,"featured_media":47040,"comment_status":"open","ping_status":"open","sticky":false,"template":"post-template.php","format":"gallery","meta":{"_monsterinsights_skip_tracking":false,"_monsterinsights_sitenote_active":false,"_monsterinsights_sitenote_note":"","_monsterinsights_sitenote_category":0,"footnotes":""},"categories":[400,425],"tags":[],"class_list":["post-47042","post","type-post","status-publish","format-gallery","has-post-thumbnail","hentry","category-general","category-slayt","post_format-post-format-gallery"],"_links":{"self":[{"href":"https:\/\/www.sp.k12.tr\/fr\/wp-json\/wp\/v2\/posts\/47042","targetHints":{"allow":["GET"]}}],"collection":[{"href":"https:\/\/www.sp.k12.tr\/fr\/wp-json\/wp\/v2\/posts"}],"about":[{"href":"https:\/\/www.sp.k12.tr\/fr\/wp-json\/wp\/v2\/types\/post"}],"author":[{"embeddable":true,"href":"https:\/\/www.sp.k12.tr\/fr\/wp-json\/wp\/v2\/users\/1"}],"replies":[{"embeddable":true,"href":"https:\/\/www.sp.k12.tr\/fr\/wp-json\/wp\/v2\/comments?post=47042"}],"version-history":[{"count":0,"href":"https:\/\/www.sp.k12.tr\/fr\/wp-json\/wp\/v2\/posts\/47042\/revisions"}],"wp:featuredmedia":[{"embeddable":true,"href":"https:\/\/www.sp.k12.tr\/fr\/wp-json\/wp\/v2\/media\/47040"}],"wp:attachment":[{"href":"https:\/\/www.sp.k12.tr\/fr\/wp-json\/wp\/v2\/media?parent=47042"}],"wp:term":[{"taxonomy":"category","embeddable":true,"href":"https:\/\/www.sp.k12.tr\/fr\/wp-json\/wp\/v2\/categories?post=47042"},{"taxonomy":"post_tag","embeddable":true,"href":"https:\/\/www.sp.k12.tr\/fr\/wp-json\/wp\/v2\/tags?post=47042"}],"curies":[{"name":"wp","href":"https:\/\/api.w.org\/{rel}","templated":true}]}}