{"id":46610,"date":"2022-05-25T10:03:22","date_gmt":"2022-05-25T07:03:22","guid":{"rendered":"https:\/\/www.sp.k12.tr\/?p=46610"},"modified":"2022-05-25T10:07:13","modified_gmt":"2022-05-25T07:07:13","slug":"exposition-printemps-des-artistes-15eme-edition","status":"publish","type":"post","link":"https:\/\/www.sp.k12.tr\/fr\/exposition-printemps-des-artistes-15eme-edition\/","title":{"rendered":"Exposition : Printemps des artistes 15\u00e8me \u00e9dition"},"content":{"rendered":"<p>PDA 2022 est une exposition d\u2019une semaine, organis\u00e9e par des volontaires, toutes membres d\u2019Istanbul Accueil et avec le soutien du Lyc\u00e9e Sainte Pulch\u00e9rie. L&rsquo;exposition intitul\u00e9e cette ann\u00e9e \u00ab Les lumi\u00e8res d&rsquo;Istanbul\u00bb pr\u00e9sente des peintures, photos et collages. Cette exposition, r\u00e9unissant depuis 15 ans humanisme et amour de l\u2019art, est d\u00e9cid\u00e9ment un projet phare dans la saison culturelle du lyc\u00e9e.<\/p>\n<p>L\u2019objectif du projet est double : d\u00e9voiler de nouveaux artistes turcs et internationaux au public et collecter des fonds pour des \u0153uvres caritatives. Aujourd&rsquo;hui, cette exposition est devenue un lieu de rencontre culturel reconnu par les communaut\u00e9s francophones et internationales, ainsi que par tous les amateurs d\u2019art \u00e0 Istanbul.\u00a0<\/p>\n<p><strong>Artistes :\u00a0<\/strong><\/p>\n<p>Erdin\u00e7 babat, Zeynep Can, Val\u00e9rie \u00c7elebi, Recep \u00c7iftci, Serhan Devran, Sayeh Gauvin, Elif I\u015f\u0131k T\u00f6reci, Becky Margonelli, Emrah Oprukcu, Gabrielle Reeves, Emine \u015eenses<\/p>\n<p><strong>O\u00f9 ?<\/strong><\/p>\n<p>En virtuel sur la visite virtuelle <a href=\"https:\/\/pda2022.istanbulaccueil.net\/\">cliquer ici<\/a> et en pr\u00e9sentiel dans la galerie Od\u2019A-Ouvroir d\u2019Art du Lyc\u00e9e Sainte Pulch\u00e9rie.<\/p>\n<p><strong>Quand ?<\/strong><\/p>\n<p>Du 27 au 5 juin 2022 en pr\u00e9sentiel<\/p>\n<p class=\"font_8\">Samedi &#8211; Dimanche : 11h &#8211; 18h<br \/>\nLundi &#8211; Vendredi : 11h &#8211; 15h<br \/>\nDimanche 5 Juin : sur rendez-vous uniquement<\/p>\n<p><strong>Les associations, institutions soutenues :<\/strong><\/p>\n<p>Deep Poverty Network, L&rsquo;Hopital Lape &amp; Bomonti<\/p>\n<p><strong>Les sponsors :<br \/>\n<\/strong>Tefal, Tiket restaurant Edenred, Sanofi, Metro, Legrand, Inform, Bel, Renault Groupe, Nestl\u00e9 Waters, Format, G&amp;L Shift<\/p>\n","protected":false},"excerpt":{"rendered":"<p>PDA 2022 est une exposition d\u2019une semaine, organis\u00e9e par des volontaires, toutes membres d\u2019Istanbul Accueil et avec le soutien du Lyc\u00e9e Sainte Pulch\u00e9rie. L&rsquo;exposition intitul\u00e9e cette ann\u00e9e \u00ab Les lumi\u00e8res d&rsquo;Istanbul\u00bb pr\u00e9sente des peintures, photos et collages. Cette exposition, r\u00e9unissant [&hellip;]<\/p>\n","protected":false},"author":1,"featured_media":46619,"comment_status":"open","ping_status":"open","sticky":false,"template":"post-template.php","format":"gallery","meta":{"_monsterinsights_skip_tracking":false,"_monsterinsights_sitenote_active":false,"_monsterinsights_sitenote_note":"","_monsterinsights_sitenote_category":0,"footnotes":""},"categories":[51,55,425],"tags":[],"class_list":["post-46610","post","type-post","status-publish","format-gallery","has-post-thumbnail","hentry","category-art-au-lycee","category-rencontres","category-slayt","post_format-post-format-gallery"],"_links":{"self":[{"href":"https:\/\/www.sp.k12.tr\/fr\/wp-json\/wp\/v2\/posts\/46610","targetHints":{"allow":["GET"]}}],"collection":[{"href":"https:\/\/www.sp.k12.tr\/fr\/wp-json\/wp\/v2\/posts"}],"about":[{"href":"https:\/\/www.sp.k12.tr\/fr\/wp-json\/wp\/v2\/types\/post"}],"author":[{"embeddable":true,"href":"https:\/\/www.sp.k12.tr\/fr\/wp-json\/wp\/v2\/users\/1"}],"replies":[{"embeddable":true,"href":"https:\/\/www.sp.k12.tr\/fr\/wp-json\/wp\/v2\/comments?post=46610"}],"version-history":[{"count":0,"href":"https:\/\/www.sp.k12.tr\/fr\/wp-json\/wp\/v2\/posts\/46610\/revisions"}],"wp:featuredmedia":[{"embeddable":true,"href":"https:\/\/www.sp.k12.tr\/fr\/wp-json\/wp\/v2\/media\/46619"}],"wp:attachment":[{"href":"https:\/\/www.sp.k12.tr\/fr\/wp-json\/wp\/v2\/media?parent=46610"}],"wp:term":[{"taxonomy":"category","embeddable":true,"href":"https:\/\/www.sp.k12.tr\/fr\/wp-json\/wp\/v2\/categories?post=46610"},{"taxonomy":"post_tag","embeddable":true,"href":"https:\/\/www.sp.k12.tr\/fr\/wp-json\/wp\/v2\/tags?post=46610"}],"curies":[{"name":"wp","href":"https:\/\/api.w.org\/{rel}","templated":true}]}}