{"id":46560,"date":"2022-05-27T08:34:20","date_gmt":"2022-05-27T05:34:20","guid":{"rendered":"https:\/\/www.sp.k12.tr\/?p=46560"},"modified":"2022-05-27T09:23:07","modified_gmt":"2022-05-27T06:23:07","slug":"plft22-et-les-gagnants-sont","status":"publish","type":"post","link":"https:\/\/www.sp.k12.tr\/fr\/plft22-et-les-gagnants-sont\/","title":{"rendered":"PLFT\u201922 : et les gagnants sont\u2026"},"content":{"rendered":"<p><span style=\"font-weight: 400;\">La derni\u00e8re \u00e9tape consistait en un d\u00e9bat national le 16 mai 2022, \u00e0 la suite duquel allaient \u00eatre \u00e9lu.e.s deux orateur.trice.s gagnants, et livr\u00e9 le titre du livre gagnant de cette 4e \u00e9dition.<\/span><\/p>\n<p><span style=\"font-weight: 400;\">Bravo \u00e0 tous les \u00e9l\u00e8ves qui ont toujours \u00e9t\u00e9 s\u00e9rieux et responsables, avec un bel esprit d\u2019\u00e9quipe !\u00a0<\/span><\/p>\n<p><span style=\"font-weight: 400;\">Bravo \u00e0 \u00c7a\u011fan qui remporte le 2e prix du d\u00e9bat national !\u00a0<\/span><\/p>\n<p><span style=\"font-weight: 400;\">Bravo aux auteurs de <\/span><span style=\"font-weight: 400;\">Vies vol\u00e9es<\/span><span style=\"font-weight: 400;\">, la bande dessin\u00e9e qui a \u00e9t\u00e9 pl\u00e9biscit\u00e9e par une majorit\u00e9 d\u2019\u00e9l\u00e8ves parmi tous les participants !<\/span><\/p>\n<p>&nbsp;<\/p>\n<p><b>Voici le compte-rendu de Zeynep sur le d\u00e9roulement du d\u00e9bat national:\u00a0<\/b><\/p>\n<p><span style=\"font-weight: 400;\">\u2018\u2019Monsieur Dimitri a d&rsquo;abord mentionn\u00e9 le plan du d\u00e9bat. Avant de commencer ce fascinant d\u00e9bat, les orateurs et les oratrices se sont bri\u00e8vement pr\u00e9sent\u00e9s. ils ont abord\u00e9 plus pr\u00e9cis\u00e9ment le sujet de\u00a0 \u00ab\u00a0La litt\u00e9rature et moi\u00a0\u00bb. <\/span><span style=\"font-weight: 400;\">Apr\u00e8s, nous avons entam\u00e9 le d\u00e9bat avec la question qui est adress\u00e9e \u00e0 \u00a0\u00bb Ces jours qui disparaissent \u201c. Ils ont\u00a0 interrog\u00e9 les orateurs sur ce point \u201cQuelle est la relation entre la couverture du livre et l&rsquo;histoire ?\u201d.\u00a0 Tout le monde a donn\u00e9 des r\u00e9ponses int\u00e9ressantes et diff\u00e9rentes. Gr\u00e2ce \u00e0 la r\u00e9ponse donn\u00e9e, une nouvelle question a surgi puis ils ont commenc\u00e9 \u00e0 discuter sur les personnalit\u00e9s de Lubin. Comme les id\u00e9es \u00e9taient dissemblables, les orateurs ont essay\u00e9 de parler de la mani\u00e8re la plus convaincante. <\/span><span style=\"font-weight: 400;\">En finissant notre discussion sur \u201cCes jours qui disparaissent \u201c, on a pass\u00e9 l\u2019autre finaliste de cette ann\u00e9e. <\/span><span style=\"font-weight: 400;\">Pour \u201cles vies vol\u00e9es\u201d au lieu de parler de la couverture, ils ont discut\u00e9 sur le sens du titre. ils ont fini les \u00e9change de vues en interpr\u00e9tant une extrait. <\/span><span style=\"font-weight: 400;\">Ils ont pos\u00e9 une question commune : \u201cQuelle est la place des femmes dans les livres ?\u201d\u00a0 Chacun propose ses\u00a0 id\u00e9es. Certains pensaient que les femmes repr\u00e9sentaient l&rsquo;amour et la famille. Certains affirment que l&rsquo;auteur a \u00e9t\u00e9 influenc\u00e9 par le syst\u00e8me patriarcal, \u00e0 cause de \u00e7a les femmes jouent un r\u00f4le plus t\u00f4t au arri\u00e8re-plan. <\/span><span style=\"font-weight: 400;\">Finalement, ils ont parl\u00e9 environ 1-2 minutes sur les deux livres et ils ont fait des critiques. En \u00e9coutant les derni\u00e8res phrases des orateurs, nous avons pass\u00e9 \u00e0 l\u2019\u00e9tape de vote. Tout le monde devait voter pour deux personnes. D&rsquo;apr\u00e8s moi, les orateurs ont montr\u00e9 tous leurs talents, ils \u00e9taient \u00e9loquents, respectueux, avec en outre leurs id\u00e9es attrayantes et captivantes. <\/span><span style=\"font-weight: 400;\">Le lendemain, ils ont annonc\u00e9\u00a0 le livre gagnant et les deux orateurs vainqueurs.\u00a0<\/span><span style=\"font-weight: 400;\">Comme il ressort des critiques formul\u00e9es, le livre s\u00e9lectionn\u00e9 \u00e9tait <\/span><span style=\"font-weight: 400;\">Vies vol\u00e9es<\/span><span style=\"font-weight: 400;\">. Nous avons attendu la d\u00e9claration de l&rsquo;orateur avec enthousiasme.\u00a0<\/span><span style=\"font-weight: 400;\">Ca\u011fan a \u00e9t\u00e9 choisi comme le deuxi\u00e8me meilleur orateur. Gr\u00e2ce \u00e0 son succ\u00e8s, il a gagn\u00e9 un voyage linguistique en France qui va durer deux semaines. <\/span><span style=\"font-weight: 400;\">Je suis heureuse d&rsquo;avoir v\u00e9cu ces exp\u00e9riences inoubliables, merci \u00e0 tout le monde. Je f\u00e9licite \u00c7a\u011fan pour son travail et pour son courage.\u2019\u2019 <\/span><span style=\"font-weight: 400;\">Zeynep, 10E<\/span><\/p>\n<p><b>Voici le compte-rendu d\u2019Ali concernant les \u00e9tapes des votes, pour le livre et pour les orateurs :\u00a0<\/b><\/p>\n<p><span style=\"font-weight: 400;\">\u201cMaintenant, cette fois, je voudrais vous parler des votes : le r\u00e9sultat des votes de Sainte Pulch\u00e9rie et du vote national. <\/span><span style=\"font-weight: 400;\">Puisque nous sommes presque \u00e0 la fin du PLFT, nous devons voter aux livres pour choisir le premier. Aussi il faut choisir deux \u00e9l\u00e8ves orateurs. <\/span><span style=\"font-weight: 400;\">Premi\u00e8rement, pour choisir le livre gagnant \u00e0 Sainte Pulch\u00e9rie, en tant qu\u2019\u00e9quipe de PLFT, nous avons tous vot\u00e9 le vendredi 13 mai 2022. Nous avons choisi entre deux livres qui avaient eu plus de votes qu\u2019autres livres. Ces livres \u00e9taient les bandes dessin\u00e9es \u201cVies Vol\u00e9es\u201d et \u201cCes Jours Qui Disparaissent\u2019\u2019. <\/span><span style=\"font-weight: 400;\">Le r\u00e9sultat \u00e9tait tr\u00e8s \u00e9tonnant, entre 10 votes, <\/span><span style=\"font-weight: 400;\">Vies Vol\u00e9es<\/span><span style=\"font-weight: 400;\"> a pris 8 votes : alors il \u00e9tait le livre gagnant de Sainte Pulch\u00e9rie. Je pense qu\u2019on l\u2019avait ador\u00e9, d\u2019apr\u00e8s le r\u00e9sultat. <\/span><span style=\"font-weight: 400;\">Deuxi\u00e8mement, si on regarde le vote national qui a eu lieu le lundi 16 mai 2022, nous pouvons voir un r\u00e9sultat que nous pouvons \u00eatre fiers de notre lyc\u00e9e. <\/span><span style=\"font-weight: 400;\">Ce jour-l\u00e0 \u00e9galement, tous les lyc\u00e9es ont envoy\u00e9 \u00e0 l&rsquo;Institut Fran\u00e7ais le r\u00e9sultat du vote du livre qu&rsquo;ils avaient choisi parmi les 2 livres finalistes et les 2 \u00e9l\u00e8ves choisis \u00e0 l&rsquo;issue du d\u00e9bat national. Ces 2 \u00e9l\u00e8ves pour lesquels nous avons vot\u00e9 ne pouvaient pas \u00eatre dans notre lyc\u00e9e, par exemple, nous ne pouvions pas voter pour notre orateur \u00c7a\u011fan Sayg\u0131l\u0131. <\/span><span style=\"font-weight: 400;\">Le r\u00e9sultat, qui a \u00e9t\u00e9 publi\u00e9 le 17 mai par le Consul G\u00e9n\u00e9ral de France \u00e0 Istanbul, M. Olivier Gauvain, \u00e9tait magnifique : notre \u00e9l\u00e8ve de 10e du lyc\u00e9e, \u00c7a\u011fan est arriv\u00e9 \u00e0 la 2e place sur 10 orateurs.\u00a0<\/span><span style=\"font-weight: 400;\">Et <\/span><span style=\"font-weight: 400;\">Vies Vol\u00e9es<\/span><span style=\"font-weight: 400;\"> \u00e9tait 1er parmi tous les livres. L&rsquo;\u00e9l\u00e8ve qui est arriv\u00e9e en premier \u00e9tait Nehir Karakoca du lyc\u00e9e Saint Joseph. <\/span><span style=\"font-weight: 400;\">Je tiens \u00e0 f\u00e9liciter le sc\u00e9nariste et l\u2019illustratrice de <\/span><span style=\"font-weight: 400;\">Vies Vol\u00e9es<\/span><span style=\"font-weight: 400;\">, ainsi que \u00c7a\u011fan. <\/span><span style=\"font-weight: 400;\">Enfin, je tiens \u00e0 remercier notre \u00e9cole Sainte Pulch\u00e9rie, l&rsquo;Institut Fran\u00e7ais et le Consulat G\u00e9n\u00e9ral de France \u00e0 Istanbul, qui nous rappellent \u00e0 chaque fois que notre droit de vote est important comme dans une vraie d\u00e9mocratie.\u201d <\/span><span style=\"font-weight: 400;\">Ali, 10C<\/span><\/p>\n<p><strong>Retrouvez sur le blog de la m\u00e9diath\u00e8que d\u2019autres articles sur le PLFT 2022 :<\/strong><\/p>\n<p><a href=\"https:\/\/www.sp-mediatheque.com\/post\/s%C3%A9lection-plft-2022-selim-pr%C3%A9sente-les-4-livres\"><span style=\"font-weight: 400;\">La pr\u00e9sentation des 4 livres<\/span><\/a><span style=\"font-weight: 400;\"> par Selim<\/span><\/p>\n<p><a href=\"https:\/\/www.sp-mediatheque.com\/post\/s%C3%A9lection-plft-2022-le-petit-mus%C3%A9e-des-4-livres\"><span style=\"font-weight: 400;\">Le mus\u00e9e des 4 livres<\/span><\/a><span style=\"font-weight: 400;\">, par Selim et Zeynep<\/span><\/p>\n<p><a href=\"https:\/\/soundcloud.com\/user-59879247\/cest-quoi-le-plft\"><span style=\"font-weight: 400;\">L\u2019entretien audio entre Selim et Zeynep avec Ali et Nerses<\/span><\/a><\/p>\n","protected":false},"excerpt":{"rendered":"<p>La derni\u00e8re \u00e9tape consistait en un d\u00e9bat national le 16 mai 2022, \u00e0 la suite duquel allaient \u00eatre \u00e9lu.e.s deux orateur.trice.s gagnants, et livr\u00e9 le titre du livre gagnant de cette 4e \u00e9dition. Bravo \u00e0 tous les \u00e9l\u00e8ves qui ont [&hellip;]<\/p>\n","protected":false},"author":1,"featured_media":46830,"comment_status":"open","ping_status":"open","sticky":false,"template":"","format":"gallery","meta":{"_monsterinsights_skip_tracking":false,"_monsterinsights_sitenote_active":false,"_monsterinsights_sitenote_note":"","_monsterinsights_sitenote_category":0,"footnotes":""},"categories":[53,55,425],"tags":[],"class_list":["post-46560","post","type-post","status-publish","format-gallery","has-post-thumbnail","hentry","category-concours","category-rencontres","category-slayt","post_format-post-format-gallery"],"_links":{"self":[{"href":"https:\/\/www.sp.k12.tr\/fr\/wp-json\/wp\/v2\/posts\/46560","targetHints":{"allow":["GET"]}}],"collection":[{"href":"https:\/\/www.sp.k12.tr\/fr\/wp-json\/wp\/v2\/posts"}],"about":[{"href":"https:\/\/www.sp.k12.tr\/fr\/wp-json\/wp\/v2\/types\/post"}],"author":[{"embeddable":true,"href":"https:\/\/www.sp.k12.tr\/fr\/wp-json\/wp\/v2\/users\/1"}],"replies":[{"embeddable":true,"href":"https:\/\/www.sp.k12.tr\/fr\/wp-json\/wp\/v2\/comments?post=46560"}],"version-history":[{"count":0,"href":"https:\/\/www.sp.k12.tr\/fr\/wp-json\/wp\/v2\/posts\/46560\/revisions"}],"wp:featuredmedia":[{"embeddable":true,"href":"https:\/\/www.sp.k12.tr\/fr\/wp-json\/wp\/v2\/media\/46830"}],"wp:attachment":[{"href":"https:\/\/www.sp.k12.tr\/fr\/wp-json\/wp\/v2\/media?parent=46560"}],"wp:term":[{"taxonomy":"category","embeddable":true,"href":"https:\/\/www.sp.k12.tr\/fr\/wp-json\/wp\/v2\/categories?post=46560"},{"taxonomy":"post_tag","embeddable":true,"href":"https:\/\/www.sp.k12.tr\/fr\/wp-json\/wp\/v2\/tags?post=46560"}],"curies":[{"name":"wp","href":"https:\/\/api.w.org\/{rel}","templated":true}]}}