{"id":46385,"date":"2022-05-13T09:17:59","date_gmt":"2022-05-13T06:17:59","guid":{"rendered":"https:\/\/www.sp.k12.tr\/?p=46385"},"modified":"2022-05-13T09:17:59","modified_gmt":"2022-05-13T06:17:59","slug":"nos-eleves-commencent-a-penser-a-leur-carriere-des-le-lycee","status":"publish","type":"post","link":"https:\/\/www.sp.k12.tr\/fr\/nos-eleves-commencent-a-penser-a-leur-carriere-des-le-lycee\/","title":{"rendered":"Nos \u00e9l\u00e8ves commencent \u00e0 penser \u00e0 leur carri\u00e8re d\u00e8s le lyc\u00e9e&#8230;"},"content":{"rendered":"<p>En avril, le service d&rsquo;orientation de Sainte Pulch\u00e9rie a organis\u00e9 une enqu\u00eate sur les tendances professionnelles aupr\u00e8s des \u00e9l\u00e8ves de 9\u00e8me. C&rsquo;est une enqu\u00eate qui permet de cr\u00e9er des profils de r\u00e9sultats sp\u00e9cifiques \u00e0 chaque \u00e9l\u00e8ve. Certains \u00e9l\u00e8ves de la classe sup\u00e9rieure ont rendu visite aux \u00e9l\u00e8ves de 9\u00e8me ann\u00e9e pendant les cours de Rehberlik et ont donn\u00e9 des informations importantes sur le niveau de 10\u00e8me et sur la fa\u00e7on dont ils \u00e9taient pr\u00e9par\u00e9s pour les processus d&rsquo;enseignement sup\u00e9rieur.<\/p>\n<p>En plus de ces activit\u00e9s, le jeudi 5 mai, pendant les 7\u00e8me et 8\u00e8me p\u00e9riodes, la consultante p\u00e9dagogique de l&rsquo;Universit\u00e9 Yeditepe, Mme \u00d6zge Alyu a fait une conf\u00e9rence en ligne sur le th\u00e8me : \u00ab\u00a0G\u00e9rez votre carri\u00e8re \u00e0 partir du lyc\u00e9e\u00a0\u00bb aux \u00e9l\u00e8ves de 9\u00e8me.<\/p>\n<p>\u00d6zge Alyu a trait\u00e9 les th\u00e8mes suivants lors de cette conf\u00e9rence :<\/p>\n<ul>\n<li>Quand les \u00e9tudiants commencent-ils leur parcours professionnel ?<\/li>\n<li>L&rsquo;importance de la s\u00e9lection de la profession sur le terrain<\/li>\n<li>L&rsquo;importance de se conna\u00eetre<\/li>\n<li>Selon les r\u00e9sultats de la recherche de Universium Research Company, selon les attentes de carri\u00e8re des jeunes dans le monde et des jeunes en Turquie, quelle cat\u00e9gorie de carri\u00e8re vient au premier plan et quelles sont les caract\u00e9ristiques de ces cat\u00e9gories de carri\u00e8re ?<\/li>\n<li>Les comp\u00e9tences que le monde des affaires attend des dipl\u00f4m\u00e9s et le rythme auquel les dipl\u00f4m\u00e9s r\u00e9pondent \u00e0 ces attentes<\/li>\n<li>Les \u00e9tapes des entretiens d&#8217;embauche de la prochaine g\u00e9n\u00e9ration<\/li>\n<\/ul>\n<p>En outre, \u00d6zge Alyu a insist\u00e9 sur l&rsquo;importance de transformer le talent en comp\u00e9tence avec exp\u00e9rience et connaissances : comment les comp\u00e9tences requises pour commencer et maintenir la vie professionnelle peuvent-elles \u00eatre d\u00e9velopp\u00e9es \u00e0 partir des ann\u00e9es d&rsquo;\u00e9tudes secondaires, comment cr\u00e9er un r\u00e9seau pour d\u00e9velopper des comp\u00e9tences, et comment ces r\u00e9seaux peuvent-ils \u00eatre b\u00e9n\u00e9fique ? Enfin, comment cr\u00e9er la bonne identit\u00e9 num\u00e9rique sur les m\u00e9dias sociaux ? Mme Alyu nous a fourni des informations importantes sur la fa\u00e7on de cr\u00e9er son identit\u00e9 num\u00e9rique.<\/p>\n<p>Nous esp\u00e9rons que la pr\u00e9sentation sera utile \u00e0 nos \u00e9l\u00e8ves, et nous remercions vivement Mme \u00d6zge Alyu d&rsquo;avoir partag\u00e9 ces pr\u00e9cieuses informations avec nous.<\/p>\n","protected":false},"excerpt":{"rendered":"<p>En avril, le service d&rsquo;orientation de Sainte Pulch\u00e9rie a organis\u00e9 une enqu\u00eate sur les tendances professionnelles aupr\u00e8s des \u00e9l\u00e8ves de 9\u00e8me. C&rsquo;est une enqu\u00eate qui permet de cr\u00e9er des profils de r\u00e9sultats sp\u00e9cifiques \u00e0 chaque \u00e9l\u00e8ve. Certains \u00e9l\u00e8ves de la [&hellip;]<\/p>\n","protected":false},"author":1,"featured_media":46418,"comment_status":"open","ping_status":"open","sticky":false,"template":"","format":"gallery","meta":{"_monsterinsights_skip_tracking":false,"_monsterinsights_sitenote_active":false,"_monsterinsights_sitenote_note":"","_monsterinsights_sitenote_category":0,"footnotes":""},"categories":[140,55,425],"tags":[],"class_list":["post-46385","post","type-post","status-publish","format-gallery","has-post-thumbnail","hentry","category-orientation","category-rencontres","category-slayt","post_format-post-format-gallery"],"_links":{"self":[{"href":"https:\/\/www.sp.k12.tr\/fr\/wp-json\/wp\/v2\/posts\/46385","targetHints":{"allow":["GET"]}}],"collection":[{"href":"https:\/\/www.sp.k12.tr\/fr\/wp-json\/wp\/v2\/posts"}],"about":[{"href":"https:\/\/www.sp.k12.tr\/fr\/wp-json\/wp\/v2\/types\/post"}],"author":[{"embeddable":true,"href":"https:\/\/www.sp.k12.tr\/fr\/wp-json\/wp\/v2\/users\/1"}],"replies":[{"embeddable":true,"href":"https:\/\/www.sp.k12.tr\/fr\/wp-json\/wp\/v2\/comments?post=46385"}],"version-history":[{"count":0,"href":"https:\/\/www.sp.k12.tr\/fr\/wp-json\/wp\/v2\/posts\/46385\/revisions"}],"wp:featuredmedia":[{"embeddable":true,"href":"https:\/\/www.sp.k12.tr\/fr\/wp-json\/wp\/v2\/media\/46418"}],"wp:attachment":[{"href":"https:\/\/www.sp.k12.tr\/fr\/wp-json\/wp\/v2\/media?parent=46385"}],"wp:term":[{"taxonomy":"category","embeddable":true,"href":"https:\/\/www.sp.k12.tr\/fr\/wp-json\/wp\/v2\/categories?post=46385"},{"taxonomy":"post_tag","embeddable":true,"href":"https:\/\/www.sp.k12.tr\/fr\/wp-json\/wp\/v2\/tags?post=46385"}],"curies":[{"name":"wp","href":"https:\/\/api.w.org\/{rel}","templated":true}]}}