{"id":46287,"date":"2022-05-10T13:38:16","date_gmt":"2022-05-10T10:38:16","guid":{"rendered":"https:\/\/www.sp.k12.tr\/?p=46287"},"modified":"2022-05-10T13:38:16","modified_gmt":"2022-05-10T10:38:16","slug":"les-arcanes-de-la-bande-dessinee-documentaire-avec-aude-massot","status":"publish","type":"post","link":"https:\/\/www.sp.k12.tr\/fr\/les-arcanes-de-la-bande-dessinee-documentaire-avec-aude-massot\/","title":{"rendered":"Les arcanes de la bande dessin\u00e9e documentaire avec Aude Massot"},"content":{"rendered":"<p><span style=\"font-weight: 400;\">Apr\u00e8s une introduction au monde de la BD documentaire et de la BD de reportage, \u00e0 partir de titres &#8211; phares tels que<\/span><a href=\"https:\/\/sp.bibli.fr\/index.php?lvl=notice_display&amp;id=2680\"> <span style=\"font-weight: 400;\">MAUS<\/span><\/a><span style=\"font-weight: 400;\">, <\/span><a href=\"https:\/\/sp.bibli.fr\/index.php?lvl=notice_display&amp;id=20389\"><span style=\"font-weight: 400;\">L&rsquo;ARABE DU FUTUR<\/span><\/a><span style=\"font-weight: 400;\">,<\/span><a href=\"https:\/\/sp.bibli.fr\/index.php?lvl=notice_display&amp;id=34246\"> <span style=\"font-weight: 400;\">PYONG YANG<\/span><\/a><span style=\"font-weight: 400;\">,<\/span><a href=\"https:\/\/sp.bibli.fr\/index.php?lvl=notice_display&amp;id=7970\"> <span style=\"font-weight: 400;\">LE PHOTOGRAPHE<\/span><\/a><span style=\"font-weight: 400;\"> ou encore les ouvrages du pionnier du genre, Joe Sacco, Aude Massot a parl\u00e9 de son processus personnel de cr\u00e9ation, de sa collaboration avec les sc\u00e9naristes et de sa vision du m\u00e9tier.<\/span><\/p>\n<p><span style=\"font-weight: 400;\">El\u00e8ves et adultes pr\u00e9sents ont ensuite \u00e9chang\u00e9 \u00e0 b\u00e2tons rompus autour des satisfactions et des difficult\u00e9s apport\u00e9es par le m\u00e9tier d\u2019illustratrice, et les \u00e9l\u00e8ves du club MUN ont approfondi en particulier la gen\u00e8se de la bande dessin\u00e9e Une saison \u00e0 l\u2019ONU &#8211; Au coeur de la diplomatie mondiale, r\u00e9alis\u00e9e avec Karim Lebhour, correspondant \u00e0 l&rsquo;ONU de 2010 \u00e0 2014. La s\u00e9ance s\u2019est conclue par de superbes d\u00e9dicaces sur nos ouvrages.<\/span><\/p>\n<p><span style=\"font-weight: 400;\">Nous remercions Aude Massot pour sa gentillesse et son go\u00fbt du partage, et nous lui souhaitons une excellente continuation dans sa carri\u00e8re !<\/span><\/p>\n<p><span style=\"font-weight: 400;\">****<\/span><\/p>\n<p><span style=\"font-weight: 400;\">Pour d\u00e9couvrir et emprunter les ouvrages d&rsquo;Aude Massot \u00e0 la m\u00e9diath\u00e8que :<\/span><\/p>\n<ul>\n<li style=\"font-weight: 400;\" aria-level=\"1\"><a href=\"https:\/\/sp.bibli.fr\/index.php?lvl=notice_display&amp;id=20503\"><span style=\"font-weight: 400;\">Qu\u00e9bec-Land<\/span><\/a><\/li>\n<li style=\"font-weight: 400;\" aria-level=\"1\"><a href=\"https:\/\/sp.bibli.fr\/index.php?lvl=notice_display&amp;id=35100\"><span style=\"font-weight: 400;\">Une saison \u00e0 l&rsquo;ONU<\/span><\/a><\/li>\n<li style=\"font-weight: 400;\" aria-level=\"1\"><a href=\"https:\/\/sp.bibli.fr\/index.php?lvl=notice_display&amp;id=38207\"><span style=\"font-weight: 400;\">Ouagadougou press\u00e9<\/span><\/a><\/li>\n<\/ul>\n<p><span style=\"font-weight: 400;\">****<\/span><\/p>\n<p>Voici les impressions des membres du Club MUN qui ont particip\u00e9 a cette rencontre :<\/p>\n<p><span style=\"font-weight: 400;\">\u00ab\u00a0Le 25 avril 2022, nous avons accueilli l&rsquo;auteur Aude Massot dans notre biblioth\u00e8que scolaire. Depuis 2009, elle publie des bandes dessin\u00e9es chez Sarbacane, Steinkis et Urban Comics qui explorent des th\u00e8mes li\u00e9s \u00e0 son exp\u00e9rience personnelle, comme l&rsquo;expatriation, le reportage et l&rsquo;autobiographie. Lors de cette rencontre, elle nous a parl\u00e9 de ce qui l&rsquo;a inspir\u00e9, de l&rsquo;histoire de ses d\u00e9buts en dessin et en \u00e9criture, du contenu de ses \u0153uvres et des \u0153uvres qui l&rsquo;ont inspir\u00e9. Nous avons appris qu&rsquo;en plus de son talent naturel pour le dessin, elle peint \u00e9galement sur ordinateur avec diff\u00e9rentes techniques de photoshop et d&rsquo;illustration. Elle nous a fait d\u00e9couvrir des livres qu&rsquo;elle a tous deux \u00e9crits et dont elle aimait le contenu\/les images, tels que Pers\u00e9polis, Le photographe de mauthausen, Gaza 1956, L&rsquo;Arabe du Futur 4, Qu\u00e9bec Land, Pyongyang, Une Saison \u00c0 l&rsquo;ONU et Ouagadougou press\u00e9. Par la suite, nous avons examin\u00e9 ensemble les livres <\/span><span style=\"font-weight: 400;\">dans la biblioth\u00e8que de l&rsquo;\u00e9cole, surtout les bandes dessin\u00e9es nous ont tous impressionn\u00e9s. A la fin de notre rencontre avec Aude Massot,elle a fait un petit dessin pour notre m\u00e9diath\u00e8que dans le livre qu\u2019elle avait \u00e9crit. On la remercie pour cette belle rencontre.\u00a0\u00bb<strong> P\u0131r\u0131l, 10D<\/strong><\/span><\/p>\n<p>\u00ab\u00a0<span style=\"font-weight: 400;\">Moi et d&rsquo;autres membres de notre club MUN Francophone, on a rencontr\u00e9 Aude Massot. Vous ne savez peut-\u00eatre pas qui elle est, laissez-moi pour vous expliquer un peu. Aude Massot e<\/span><span style=\"font-weight: 400;\">st une auteure de bande dessin\u00e9e fran\u00e7aise n\u00e9e le 27 septembre 198<\/span><span style=\"font-weight: 400;\">3. <\/span><span style=\"font-weight: 400;\">Elle travaille ensuite \u00e0 Paris dans la publicit\u00e9 et l&rsquo;animation. Aude Massot, dipl\u00f4m\u00e9e des ateliers BD de l&rsquo;\u00e9cole Saint-Luc de Bruxelles en 2006, d\u00e9bute sa carri\u00e8re comme storyboardeuse en dessin anim\u00e9 \u00e0 Paris. <\/span><span style=\"font-weight: 400;\">Depuis 2009, Sarbacane publie, avec Steinkis et Urban Comics, des romans graphiques qui explorent des th\u00e8mes li\u00e9s \u00e0 son exp\u00e9rience personnelle, comme l&rsquo;immigration, le reportage et l&rsquo;autobiographie (Qu\u00e9bec Land, Chronique du 115, Une saison \u00e0 l&rsquo;ONU, Robinson \u00e0 P\u00e9kin, Ouagadougou Press\u00e9). <\/span><span style=\"font-weight: 400;\">Lors de notre entretien avec elle, nous avons parl\u00e9 de diff\u00e9rents types de bande dessin\u00e9e. Nous avons mentionn\u00e9 l&rsquo;utilisation de t\u00e9moignages dans les BD\u2019s. Elle a mentionn\u00e9 ses techniques pour dessiner, quelles programmes qu\u2019elle utilise pour les BD\u2019s\u2013C\u2019\u00e9tait le photoshop. Elle a sussi dit qu\u2019<\/span><span style=\"font-weight: 400;\">l ont utilise des photos pour illustrer les BD\u2019s, sur un ordinateur.<\/span><span style=\"font-weight: 400;\"> Avec notre professeur de m\u00e9diath\u00e8que, <\/span><span style=\"font-weight: 400;\">on a regard\u00e9 les BDs qu\u2019on peut trouver dans la m\u00e9diath\u00e8que. <\/span><span style=\"font-weight: 400;\">Elle a \u00e9galement d\u00e9clar\u00e9 que son style de dessin venait naturellement, mais aussi que \u00e7a ne s&rsquo;est pas fait instantan\u00e9ment, c&rsquo;\u00e9tait progressif. <\/span><span style=\"font-weight: 400;\">J&rsquo;ai aussi d\u00e9couvert que chaque illustrateur a un style diff\u00e9rent ainsi que chaque dessinateur. <\/span><span style=\"font-weight: 400;\">Moi, j&rsquo;ai \u00e9t\u00e9 honor\u00e9e de pouvoir la rencontrer ave elle, c&rsquo;\u00e9tait une tr\u00e8s belle exp\u00e9rience.\u00a0\u00bb <strong>Beren, 10A<\/strong><\/span><\/p>\n<p>&nbsp;<\/p>\n<p>&nbsp;<\/p>\n","protected":false},"excerpt":{"rendered":"<p>Apr\u00e8s une introduction au monde de la BD documentaire et de la BD de reportage, \u00e0 partir de titres &#8211; phares tels que MAUS, L&rsquo;ARABE DU FUTUR, PYONG YANG, LE PHOTOGRAPHE ou encore les ouvrages du pionnier du genre, Joe [&hellip;]<\/p>\n","protected":false},"author":1,"featured_media":46345,"comment_status":"open","ping_status":"open","sticky":false,"template":"post-template.php","format":"gallery","meta":{"_monsterinsights_skip_tracking":false,"_monsterinsights_sitenote_active":false,"_monsterinsights_sitenote_note":"","_monsterinsights_sitenote_category":0,"footnotes":""},"categories":[51,55,425],"tags":[],"class_list":["post-46287","post","type-post","status-publish","format-gallery","has-post-thumbnail","hentry","category-art-au-lycee","category-rencontres","category-slayt","post_format-post-format-gallery"],"_links":{"self":[{"href":"https:\/\/www.sp.k12.tr\/fr\/wp-json\/wp\/v2\/posts\/46287","targetHints":{"allow":["GET"]}}],"collection":[{"href":"https:\/\/www.sp.k12.tr\/fr\/wp-json\/wp\/v2\/posts"}],"about":[{"href":"https:\/\/www.sp.k12.tr\/fr\/wp-json\/wp\/v2\/types\/post"}],"author":[{"embeddable":true,"href":"https:\/\/www.sp.k12.tr\/fr\/wp-json\/wp\/v2\/users\/1"}],"replies":[{"embeddable":true,"href":"https:\/\/www.sp.k12.tr\/fr\/wp-json\/wp\/v2\/comments?post=46287"}],"version-history":[{"count":0,"href":"https:\/\/www.sp.k12.tr\/fr\/wp-json\/wp\/v2\/posts\/46287\/revisions"}],"wp:featuredmedia":[{"embeddable":true,"href":"https:\/\/www.sp.k12.tr\/fr\/wp-json\/wp\/v2\/media\/46345"}],"wp:attachment":[{"href":"https:\/\/www.sp.k12.tr\/fr\/wp-json\/wp\/v2\/media?parent=46287"}],"wp:term":[{"taxonomy":"category","embeddable":true,"href":"https:\/\/www.sp.k12.tr\/fr\/wp-json\/wp\/v2\/categories?post=46287"},{"taxonomy":"post_tag","embeddable":true,"href":"https:\/\/www.sp.k12.tr\/fr\/wp-json\/wp\/v2\/tags?post=46287"}],"curies":[{"name":"wp","href":"https:\/\/api.w.org\/{rel}","templated":true}]}}