{"id":4624,"date":"2015-06-22T13:19:33","date_gmt":"2015-06-22T10:19:33","guid":{"rendered":"https:\/\/www.sp.k12.tr\/?p=4624"},"modified":"2019-12-26T13:20:27","modified_gmt":"2019-12-26T10:20:27","slug":"sortie-ecologique-a-sile","status":"publish","type":"post","link":"https:\/\/www.sp.k12.tr\/fr\/sortie-ecologique-a-sile\/","title":{"rendered":"Sortie Ecologique \u00e0 \u015eile"},"content":{"rendered":"<p>Dans le cadre du projet Erasmus+ de coop\u00e9ration des \u00e9coles 2014-2016 intitul\u00e9 \u00ab\u00a0Environmental Project About Sustainable Farming and Healthy Cooking Based on Ecologic Products\u00a0\u00bb et auquel participent l\u2019Espagne, la Croatie et la Turquie, le Lyc\u00e9e Sainte Pulch\u00e9rie continue de mener ses travaux pour la deuxi\u00e8me r\u00e9union pr\u00e9vue \u00e0 Split en Croatie du 27 septembre au 3 octobre 2015.<\/p>\n<p>Dans ce but, nos \u00e9l\u00e8ves ont organis\u00e9 une visite de \u015eile le 11 juin dernier afin de faire une \u00e9tude de terrain d\u00e9taill\u00e9e sur l\u2019agriculture biologique.<\/p>\n<p>Lors de la visite de la ferme \u00ab\u00a0Ovac\u0131k K\u00f6y\u00fc \u00e7iftli\u011fi\u00a0\u00bb \u00e9lue \u00ab\u00a0meilleure ferme organique\u00a0\u00bb en 2013, Fatma Denizci, propri\u00e9taire de la ferme, a renseign\u00e9 les \u00e9l\u00e8ves sur la permaculture, l\u2019importance des anciennes graines, les engrais naturels, l\u2019agriculture ferm\u00e9e et ouverte, la production de miel, le d\u00e9veloppement d\u2019une attitude \u00e9cologique puis leur a fait visiter la ferme. Suite \u00e0 cette courte formation, les \u00e9l\u00e8ves se sont rendus dans notre \u00ab\u00a0\u00e9cole verte\u00a0\u00bb de \u015eile dont la construction continue. Durant toute l\u2019activit\u00e9, les \u00e9l\u00e8ves du club environnement ont fait des reportages et enregistr\u00e9 des vid\u00e9os.<\/p>\n<p>Les \u00e9l\u00e8ves qui vont se rendre \u00e0 Split dans le cadre du projet Erasmus+, poursuivent leur travaux pr\u00e9sentation de leurs visites \u00e0 Ferik\u00f6y et \u015eile.<\/p>\n","protected":false},"excerpt":{"rendered":"<p>Dans le cadre du projet Erasmus+ de coop\u00e9ration des \u00e9coles 2014-2016 intitul\u00e9 \u00ab\u00a0Environmental Project About Sustainable Farming and Healthy Cooking Based on Ecologic Products\u00a0\u00bb et auquel participent l\u2019Espagne, la Croatie et la Turquie, le Lyc\u00e9e Sainte Pulch\u00e9rie continue de mener [&hellip;]<\/p>\n","protected":false},"author":1,"featured_media":0,"comment_status":"open","ping_status":"open","sticky":false,"template":"","format":"standard","meta":{"_monsterinsights_skip_tracking":false,"_monsterinsights_sitenote_active":false,"_monsterinsights_sitenote_note":"","_monsterinsights_sitenote_category":0,"footnotes":""},"categories":[54],"tags":[],"class_list":["post-4624","post","type-post","status-publish","format-standard","hentry","category-developpement-durable"],"_links":{"self":[{"href":"https:\/\/www.sp.k12.tr\/fr\/wp-json\/wp\/v2\/posts\/4624","targetHints":{"allow":["GET"]}}],"collection":[{"href":"https:\/\/www.sp.k12.tr\/fr\/wp-json\/wp\/v2\/posts"}],"about":[{"href":"https:\/\/www.sp.k12.tr\/fr\/wp-json\/wp\/v2\/types\/post"}],"author":[{"embeddable":true,"href":"https:\/\/www.sp.k12.tr\/fr\/wp-json\/wp\/v2\/users\/1"}],"replies":[{"embeddable":true,"href":"https:\/\/www.sp.k12.tr\/fr\/wp-json\/wp\/v2\/comments?post=4624"}],"version-history":[{"count":0,"href":"https:\/\/www.sp.k12.tr\/fr\/wp-json\/wp\/v2\/posts\/4624\/revisions"}],"wp:attachment":[{"href":"https:\/\/www.sp.k12.tr\/fr\/wp-json\/wp\/v2\/media?parent=4624"}],"wp:term":[{"taxonomy":"category","embeddable":true,"href":"https:\/\/www.sp.k12.tr\/fr\/wp-json\/wp\/v2\/categories?post=4624"},{"taxonomy":"post_tag","embeddable":true,"href":"https:\/\/www.sp.k12.tr\/fr\/wp-json\/wp\/v2\/tags?post=4624"}],"curies":[{"name":"wp","href":"https:\/\/api.w.org\/{rel}","templated":true}]}}