{"id":4616,"date":"2015-08-17T13:16:11","date_gmt":"2015-08-17T10:16:11","guid":{"rendered":"https:\/\/www.sp.k12.tr\/?p=4616"},"modified":"2019-12-26T13:17:23","modified_gmt":"2019-12-26T10:17:23","slug":"sejour-de-francais-a-sile","status":"publish","type":"post","link":"https:\/\/www.sp.k12.tr\/fr\/sejour-de-francais-a-sile\/","title":{"rendered":"S\u00e9jour de fran\u00e7ais \u00e0 \u015eile"},"content":{"rendered":"<p>Durant ce s\u00e9jour, les \u00e9l\u00e8ves suivront des cours intensifs de fran\u00e7ais le matin, tandis que l\u2019apr\u00e8s-midi sera r\u00e9serv\u00e9 aux activit\u00e9s sportives et au th\u00e9\u00e2tre.<\/p>\n<p><strong>Lundi 24 ao\u00fbt 2015 \u00e0 9h00,<\/strong>\u00a0d\u00e9part du Lyc\u00e9e Sainte Pulch\u00e9rie avec les transports scolaires.<\/p>\n<p><strong>Vendredi 28 ao\u00fbt 2015 apr\u00e8s-midi,<\/strong>\u00a0retour au Lyc\u00e9e Sainte Pulch\u00e9rie. Les \u00e9l\u00e8ves pr\u00e9senteront une pi\u00e8ce \u00e0 17h00, en salle de spectacle de l\u2019\u00e9cole, compos\u00e9 par des activit\u00e9s effectu\u00e9es au camp de \u015eile pour leurs parents.<br class=\"autobr\" \/>Les \u00e9l\u00e8ves pr\u00e9senteront \u00e0 leurs parents, une pi\u00e8ce de th\u00e9\u00e2tre bas\u00e9e sur les activit\u00e9s effectu\u00e9es au camp de \u015eile, \u00e0 17h00 dans la salle de spectacle de l\u2019\u00e9cole.<\/p>\n<p>Num\u00e9ro de t\u00e9l\u00e9phone en cas d\u2019urgence\u00a0: 0 530 523 63 26<\/p>\n<p>Vous trouverez des renseignements plus d\u00e9taill\u00e9s dans le document ci-joint.<\/p>\n","protected":false},"excerpt":{"rendered":"<p>Durant ce s\u00e9jour, les \u00e9l\u00e8ves suivront des cours intensifs de fran\u00e7ais le matin, tandis que l\u2019apr\u00e8s-midi sera r\u00e9serv\u00e9 aux activit\u00e9s sportives et au th\u00e9\u00e2tre. Lundi 24 ao\u00fbt 2015 \u00e0 9h00,\u00a0d\u00e9part du Lyc\u00e9e Sainte Pulch\u00e9rie avec les transports scolaires. Vendredi 28 [&hellip;]<\/p>\n","protected":false},"author":1,"featured_media":0,"comment_status":"open","ping_status":"open","sticky":false,"template":"","format":"standard","meta":{"_monsterinsights_skip_tracking":false,"_monsterinsights_sitenote_active":false,"_monsterinsights_sitenote_note":"","_monsterinsights_sitenote_category":0,"footnotes":""},"categories":[54],"tags":[],"class_list":["post-4616","post","type-post","status-publish","format-standard","hentry","category-developpement-durable"],"_links":{"self":[{"href":"https:\/\/www.sp.k12.tr\/fr\/wp-json\/wp\/v2\/posts\/4616","targetHints":{"allow":["GET"]}}],"collection":[{"href":"https:\/\/www.sp.k12.tr\/fr\/wp-json\/wp\/v2\/posts"}],"about":[{"href":"https:\/\/www.sp.k12.tr\/fr\/wp-json\/wp\/v2\/types\/post"}],"author":[{"embeddable":true,"href":"https:\/\/www.sp.k12.tr\/fr\/wp-json\/wp\/v2\/users\/1"}],"replies":[{"embeddable":true,"href":"https:\/\/www.sp.k12.tr\/fr\/wp-json\/wp\/v2\/comments?post=4616"}],"version-history":[{"count":0,"href":"https:\/\/www.sp.k12.tr\/fr\/wp-json\/wp\/v2\/posts\/4616\/revisions"}],"wp:attachment":[{"href":"https:\/\/www.sp.k12.tr\/fr\/wp-json\/wp\/v2\/media?parent=4616"}],"wp:term":[{"taxonomy":"category","embeddable":true,"href":"https:\/\/www.sp.k12.tr\/fr\/wp-json\/wp\/v2\/categories?post=4616"},{"taxonomy":"post_tag","embeddable":true,"href":"https:\/\/www.sp.k12.tr\/fr\/wp-json\/wp\/v2\/tags?post=4616"}],"curies":[{"name":"wp","href":"https:\/\/api.w.org\/{rel}","templated":true}]}}