{"id":45396,"date":"2022-03-09T13:44:23","date_gmt":"2022-03-09T10:44:23","guid":{"rendered":"https:\/\/www.sp.k12.tr\/?p=45396"},"modified":"2022-03-09T13:44:23","modified_gmt":"2022-03-09T10:44:23","slug":"en-affiches-des-idees-pour-lutter-contre-les-inegalites","status":"publish","type":"post","link":"https:\/\/www.sp.k12.tr\/fr\/en-affiches-des-idees-pour-lutter-contre-les-inegalites\/","title":{"rendered":"En affiches, des id\u00e9es pour lutter contre les in\u00e9galit\u00e9s"},"content":{"rendered":"<p><span style=\"font-weight: 400;\">Suite \u00e0 la s\u00e9quence sur la solidarit\u00e9 et l\u2019entraide qui ouvre l\u2019ann\u00e9e, <\/span><span style=\"font-weight: 400;\">nous avons fait participer pour la 2e ann\u00e9e cons\u00e9cutive des bin\u00f4mes ou trin\u00f4mes d\u2019\u00e9l\u00e8ves sur le concours <\/span><span style=\"font-weight: 400;\">\u00ab <\/span><a href=\"https:\/\/www.inegalites.fr\/Le-Prix-Jeunesse-pour-l-egalite-2022-Si-j-etais-president-e\"><span style=\"font-weight: 400;\">Prix Jeunesse pour l\u2019\u00e9galit\u00e9<\/span><\/a><span style=\"font-weight: 400;\"> \u00bb<\/span><span style=\"font-weight: 400;\"> organis\u00e9 par <\/span><a href=\"https:\/\/www.inegalites.fr\/\"><span style=\"font-weight: 400;\">l\u2019Observatoire des In\u00e9galit\u00e9s<\/span><\/a><span style=\"font-weight: 400;\">.<\/span><\/p>\n<p><span style=\"font-weight: 400;\">Cette 9\u00e8me \u00e9dition du concours avait pour th\u00e8me \u2018\u2019Si j\u2019\u00e9tais pr\u00e9sident\u2026\u2019\u2019 et invitait les 11-25 ans \u00e0 r\u00e9aliser une \u0153uvre qui met en avant des propositions \u00e0 l\u2019adresse des candidats \u00e0 l\u2019\u00e9lection pr\u00e9sidentielle fran\u00e7aise de ce printemps 2022 pour lutter contre les in\u00e9galit\u00e9s. <\/span><span style=\"font-weight: 400;\"><br \/>\n<\/span><span style=\"font-weight: 400;\">Le travail de cr\u00e9ation d\u2019affiche est pr\u00e9c\u00e9d\u00e9 par la r\u00e9daction d\u2019une note d\u2019intention permettant d\u2019expliciter les objectifs et les strat\u00e9gies de chacun des groupes.\u00a0<\/span><\/p>\n<p><span style=\"font-weight: 400;\"><br \/>\n<\/span><span style=\"font-weight: 400;\">Trois productions ont \u00e9t\u00e9 envoy\u00e9es et voici leurs objectifs :<\/span><\/p>\n<p>&nbsp;<\/p>\n<p><b><i>Que la France soit ta maison<\/i><\/b><\/p>\n<p><span style=\"font-weight: 400;\">\u2018\u2019Notre projet se concentre sur le sans-abrisme. Pr\u00e8s de 200 000 personnes \u00e9taient sans domicile fixe en France en 2018\u00a0 Plus de 2 000 sans-abri d\u00e9c\u00e8dent chaque ann\u00e9e en France, en moyenne \u00e0 l&rsquo;\u00e2ge de 49 ans. C&rsquo;est un probl\u00e8me tr\u00e8s normalis\u00e9 mais tr\u00e8s important de nos jours.\u00a0<\/span><\/p>\n<p><span style=\"font-weight: 400;\">Nous avons le but de faire une affiche sur ce probl\u00e8me de sans-abrisme qui encouragera les gens \u00e0 faire preuve d&#8217;empathie et \u00e0 attirer l&rsquo;attention sur ce probl\u00e8me. Nous tenons \u00e0 rappeler qu&rsquo;aucun de nous n&rsquo;est sup\u00e9rieur aux autres, qu&rsquo;\u00eatre sans-abri n&rsquo;est pas toujours un choix, c&rsquo;est une injustice inn\u00e9e ou cr\u00e9\u00e9e par les conditions de vie.\u2019\u2019<\/span><\/p>\n<p><i><span style=\"font-weight: 400;\">Sofya, Buse et Murathan<\/span><\/i><\/p>\n<p>&nbsp;<\/p>\n<p><b><i>Collier de Perles<\/i><\/b><\/p>\n<p><span style=\"font-weight: 400;\">\u2018\u2019On souhaite que notre projet se concentre sur le onzi\u00e8me objectif de d\u00e9veloppement durable, qui est pour \u201cles villes et communaut\u00e9s durables\u201d, et le bien-\u00eatre des personnes connect\u00e9es les unes aux autres.<\/span><\/p>\n<p><span style=\"font-weight: 400;\">On s\u2019est engag\u00e9 pour rendre la v\u00e9rit\u00e9 que \u201ctoutes les actions ont une cons\u00e9quence\u201c plus visible. En tant que membres d\u2019une soci\u00e9t\u00e9,on est tous comme \u201cun collier de perles\u201d et chacune des actions prises a un impact sur les autres m\u00eame si elles ne sont pas parfois visibles au premier regard.En plus, parfois, les mauvaises actions sont autant marquantes que les bonnes; il faut qu\u2019on consid\u00e8re tous nos effets pour faciliter notre vie et pour se mobiliser dans le but de soutenir la vie commune.\u2019\u2019<\/span><\/p>\n<p><i><span style=\"font-weight: 400;\">\u0130rem \u00dc, Zeynep C, \u0130pek<\/span><\/i><\/p>\n<p>&nbsp;<\/p>\n<p><b><i>L\u2019espoir d\u2019un nouveau monde<\/i><\/b><\/p>\n<p><span style=\"font-weight: 400;\">\u2018\u2019Nous voulons nous concentrer sur les in\u00e9galit\u00e9s sociales. Nous donnons beaucoup d\u2019importance a contruire une monde f\u00e9ministe et humaniste. Si nous \u00e9tions pr\u00e9sidentes nous construirions un monde o\u00f9 il n\u2019y a pas d&rsquo;in\u00e9galit\u00e9s des chances entre les genres.<\/span><\/p>\n<p><span style=\"font-weight: 400;\">Dans cette affiche on veut montrer ce que nous ferions si nous \u00e9tions pr\u00e9sidentes.\u00a0<\/span><\/p>\n<p><span style=\"font-weight: 400;\">Premi\u00e8rement, nous voulons cr\u00e9er un monde f\u00e9ministe o\u00f9 il n&rsquo;y a pas d&rsquo;in\u00e9galit\u00e9 entre les genres. Nous pensons que nous ne pouvons pas rester indiff\u00e9rents et nous voulons nous mettre en action.\u2018\u2019<\/span><\/p>\n<p><i><span style=\"font-weight: 400;\">Karya, Do\u011fa D, Selin<\/span><\/i><\/p>\n<p>&nbsp;<\/p>\n<p><span style=\"font-weight: 400;\">Bravo aux \u00e9l\u00e8ves pour leur implication et leur engagement citoyen !<\/span><\/p>\n","protected":false},"excerpt":{"rendered":"<p>Suite \u00e0 la s\u00e9quence sur la solidarit\u00e9 et l\u2019entraide qui ouvre l\u2019ann\u00e9e, nous avons fait participer pour la 2e ann\u00e9e cons\u00e9cutive des bin\u00f4mes ou trin\u00f4mes d\u2019\u00e9l\u00e8ves sur le concours \u00ab Prix Jeunesse pour l\u2019\u00e9galit\u00e9 \u00bb organis\u00e9 par l\u2019Observatoire des In\u00e9galit\u00e9s. [&hellip;]<\/p>\n","protected":false},"author":1,"featured_media":45518,"comment_status":"open","ping_status":"open","sticky":false,"template":"","format":"gallery","meta":{"_monsterinsights_skip_tracking":false,"_monsterinsights_sitenote_active":false,"_monsterinsights_sitenote_note":"","_monsterinsights_sitenote_category":0,"footnotes":""},"categories":[53,425,57],"tags":[],"class_list":["post-45396","post","type-post","status-publish","format-gallery","has-post-thumbnail","hentry","category-concours","category-slayt","category-travaux-des-eleves","post_format-post-format-gallery"],"_links":{"self":[{"href":"https:\/\/www.sp.k12.tr\/fr\/wp-json\/wp\/v2\/posts\/45396","targetHints":{"allow":["GET"]}}],"collection":[{"href":"https:\/\/www.sp.k12.tr\/fr\/wp-json\/wp\/v2\/posts"}],"about":[{"href":"https:\/\/www.sp.k12.tr\/fr\/wp-json\/wp\/v2\/types\/post"}],"author":[{"embeddable":true,"href":"https:\/\/www.sp.k12.tr\/fr\/wp-json\/wp\/v2\/users\/1"}],"replies":[{"embeddable":true,"href":"https:\/\/www.sp.k12.tr\/fr\/wp-json\/wp\/v2\/comments?post=45396"}],"version-history":[{"count":0,"href":"https:\/\/www.sp.k12.tr\/fr\/wp-json\/wp\/v2\/posts\/45396\/revisions"}],"wp:featuredmedia":[{"embeddable":true,"href":"https:\/\/www.sp.k12.tr\/fr\/wp-json\/wp\/v2\/media\/45518"}],"wp:attachment":[{"href":"https:\/\/www.sp.k12.tr\/fr\/wp-json\/wp\/v2\/media?parent=45396"}],"wp:term":[{"taxonomy":"category","embeddable":true,"href":"https:\/\/www.sp.k12.tr\/fr\/wp-json\/wp\/v2\/categories?post=45396"},{"taxonomy":"post_tag","embeddable":true,"href":"https:\/\/www.sp.k12.tr\/fr\/wp-json\/wp\/v2\/tags?post=45396"}],"curies":[{"name":"wp","href":"https:\/\/api.w.org\/{rel}","templated":true}]}}