{"id":45108,"date":"2022-03-03T14:26:51","date_gmt":"2022-03-03T11:26:51","guid":{"rendered":"https:\/\/www.sp.k12.tr\/?p=45108"},"modified":"2022-03-07T15:18:17","modified_gmt":"2022-03-07T12:18:17","slug":"bilan-de-notre-masterclass-avec-martin-robichaud","status":"publish","type":"post","link":"https:\/\/www.sp.k12.tr\/fr\/bilan-de-notre-masterclass-avec-martin-robichaud\/","title":{"rendered":"Bilan de notre Masterclass avec Martin Robichaud"},"content":{"rendered":"<p>La Masterclass est organis\u00e9e chaque ann\u00e9e avec les \u00e9l\u00e8ves de 12\u00e8me OPE. Il s&rsquo;agit donc d&rsquo;\u00e9l\u00e8ves qui souhaitent se pr\u00e9parer non seulement pour les universit\u00e9s turques mais aussi pour un parcours universitaire \u00e0 l&rsquo;\u00e9tranger. Le Lyc\u00e9e Sainte Pulch\u00e9rie leur propose un programme d&rsquo;accompagnement sur-mesure avec diff\u00e9rentes \u00e9tapes tout au long de l&rsquo;ann\u00e9e pour se pr\u00e9parer au grand d\u00e9part&#8230;<\/p>\n<p>M Martin Robichaud, coach canadien du milieu universitaire, \u00e0 suivi nos \u00e9l\u00e8ves durant une semaine pour leur transmettre les cl\u00e9s du succ\u00e8s des \u00e9tudes sup\u00e9rieures. Au centre de son intervention, le concept de leadership et de r\u00e9silience. Les \u00e9l\u00e8ves, r\u00e9partis par groupe, apr\u00e8s une premi\u00e8re conf\u00e9rence pl\u00e9ni\u00e8re sur le sujet, ont d\u00fb travailler sur leur vision du leadership. Ils ont abord\u00e9 de nombreux aspects du concept et ont \u00e9t\u00e9 amen\u00e9s \u00e0 s&rsquo;interroger sur les questions suivantes :<\/p>\n<ul>\n<li>Qu&rsquo;est-ce qu&rsquo;un bon leader ?<\/li>\n<li>Pourquoi est-ce important ?<\/li>\n<li>Quelles sont les comp\u00e9tences requises pour r\u00e9ussir ?<\/li>\n<li>Quelles sont les pistes d&rsquo;am\u00e9lioration possibles ?<\/li>\n<li>Le leadership et la vie \u00e9tudiante<\/li>\n<\/ul>\n<p>Nous remercions M Martin Robichaud pour sa g\u00e9n\u00e9reuse attention \u00e0 chacun et f\u00e9licitons tous les \u00e9l\u00e8ves qui ont montr\u00e9 leur s\u00e9rieux durant la semaine de Masterclass. Merci \u00e9galement aux professeurs accompagnants &#8211; Mme Yonca, M Herv\u00e9, Mme Nora &#8211; et notre service communication qui a suivi toutes les \u00e9tapes du projet durant la semaine.<\/p>\n<p><span style=\"font-weight: 400;\">\u00ab\u00a0Cela m\u2019a fait plaisir de rencontrer M. Martin et de communiquer avec lui. C&rsquo;\u00e9tait agr\u00e9able de faire une pause dans le rythme normal de la semaine scolaire et de prendre le temps de penser aux ann\u00e9es \u00e0 venir. Cela nous a permis de commencer \u00e0 r\u00e9fl\u00e9chir \u00e0 la fa\u00e7on d&rsquo;agir d\u2019un \u00e9tudiant d\u2019universit\u00e9 dans des situations d\u00e9sagr\u00e9ables ou difficiles. M\u00eame si je ne peux pas dire que j&rsquo;ai appris de toutes nouvelles choses, je pense que M. Martin nous a donn\u00e9 un aper\u00e7u et une perspective et nous a aid\u00e9s \u00e0 penser positivement \u00e0 notre avenir.\u201d<\/span><\/p>\n<p><span style=\"font-weight: 400;\">Breanne<\/span><\/p>\n<p><span style=\"font-weight: 400;\">\u00ab\u00a0Le travail d&rsquo;\u00e9quipe est vraiment important, surtout pour les jeunes comme nous. Avant d&rsquo;aller \u00e0 l&rsquo;universit\u00e9, je pense qu&rsquo;il est vraiment important de savoir comment \u00eatre une \u00e9quipe, comment \u00eatre un leader. Ce masterclass a donc \u00e9t\u00e9 un tr\u00e8s bon processus pour nous de vivre exactement cela. On nous a confi\u00e9 diff\u00e9rentes t\u00e2ches, par exemple pour construire des tours il fallait tenir le ballon le plus longtemps possible. Je dirais que ce Masterclass \u00e9tait le moment le plus amusant que j&rsquo;ai eu depuis longtemps.\u00a0\u00bb<\/span><\/p>\n<p><span style=\"font-weight: 400;\">Selin<\/span><\/p>\n<p>&nbsp;<\/p>\n","protected":false},"excerpt":{"rendered":"<p>La Masterclass est organis\u00e9e chaque ann\u00e9e avec les \u00e9l\u00e8ves de 12\u00e8me OPE. Il s&rsquo;agit donc d&rsquo;\u00e9l\u00e8ves qui souhaitent se pr\u00e9parer non seulement pour les universit\u00e9s turques mais aussi pour un parcours universitaire \u00e0 l&rsquo;\u00e9tranger. Le Lyc\u00e9e Sainte Pulch\u00e9rie leur propose [&hellip;]<\/p>\n","protected":false},"author":1,"featured_media":45220,"comment_status":"open","ping_status":"open","sticky":false,"template":"","format":"gallery","meta":{"_monsterinsights_skip_tracking":false,"_monsterinsights_sitenote_active":false,"_monsterinsights_sitenote_note":"","_monsterinsights_sitenote_category":0,"footnotes":""},"categories":[400,55,425],"tags":[],"class_list":["post-45108","post","type-post","status-publish","format-gallery","has-post-thumbnail","hentry","category-general","category-rencontres","category-slayt","post_format-post-format-gallery"],"_links":{"self":[{"href":"https:\/\/www.sp.k12.tr\/fr\/wp-json\/wp\/v2\/posts\/45108","targetHints":{"allow":["GET"]}}],"collection":[{"href":"https:\/\/www.sp.k12.tr\/fr\/wp-json\/wp\/v2\/posts"}],"about":[{"href":"https:\/\/www.sp.k12.tr\/fr\/wp-json\/wp\/v2\/types\/post"}],"author":[{"embeddable":true,"href":"https:\/\/www.sp.k12.tr\/fr\/wp-json\/wp\/v2\/users\/1"}],"replies":[{"embeddable":true,"href":"https:\/\/www.sp.k12.tr\/fr\/wp-json\/wp\/v2\/comments?post=45108"}],"version-history":[{"count":0,"href":"https:\/\/www.sp.k12.tr\/fr\/wp-json\/wp\/v2\/posts\/45108\/revisions"}],"wp:featuredmedia":[{"embeddable":true,"href":"https:\/\/www.sp.k12.tr\/fr\/wp-json\/wp\/v2\/media\/45220"}],"wp:attachment":[{"href":"https:\/\/www.sp.k12.tr\/fr\/wp-json\/wp\/v2\/media?parent=45108"}],"wp:term":[{"taxonomy":"category","embeddable":true,"href":"https:\/\/www.sp.k12.tr\/fr\/wp-json\/wp\/v2\/categories?post=45108"},{"taxonomy":"post_tag","embeddable":true,"href":"https:\/\/www.sp.k12.tr\/fr\/wp-json\/wp\/v2\/tags?post=45108"}],"curies":[{"name":"wp","href":"https:\/\/api.w.org\/{rel}","templated":true}]}}