{"id":4457,"date":"2019-05-20T10:43:21","date_gmt":"2019-05-20T07:43:21","guid":{"rendered":"https:\/\/www.sp.k12.tr\/?p=4457"},"modified":"2019-12-26T10:44:53","modified_gmt":"2019-12-26T07:44:53","slug":"la-ceremonie-de-remise-des-prix-du-concours-de-creation-iamnotbasic","status":"publish","type":"post","link":"https:\/\/www.sp.k12.tr\/fr\/la-ceremonie-de-remise-des-prix-du-concours-de-creation-iamnotbasic\/","title":{"rendered":"La c\u00e9r\u00e9monie de remise des prix du concours de cr\u00e9ation IAMNOTBASIC"},"content":{"rendered":"<p>Les \u00e9l\u00e8ves de 9\u00e8me se sont beaucoup investis dans leurs cr\u00e9ations sur le th\u00e8me de la mode \u00e9thique durant cette ann\u00e9e scolaire. Ils ont \u00e9t\u00e9 guid\u00e9s par leur professeur d\u2019Arts Plastiques, Umut Mehmet, et par la directrice artistique G\u00fcne\u015f G\u00fcner I\u015f\u0131k.<\/p>\n<p>Leurs dessins, inspir\u00e9s par le concept de \u00ab\u00a0slow fashion\u00a0\u00bb, ont \u00e9t\u00e9 pr\u00e9sent\u00e9s le 26 avril dernier \u00e0 pr\u00e8s de 250 invit\u00e9s &#8211; parents, professeurs, partenaires &#8211; pr\u00e9sents ce soir l\u00e0. Au total 40 \u0153uvres ont \u00e9t\u00e9 s\u00e9lectionn\u00e9es pour participer \u00e0 l\u2019exposition dans la galerie du lyc\u00e9e et parmi elles 10 ont \u00e9t\u00e9 distingu\u00e9es sur sc\u00e8ne.<\/p>\n<p>Suite \u00e0 la c\u00e9r\u00e9monie de remise des prix, tous les invit\u00e9s se sont retrouv\u00e9s dans la galerie o\u00f9 les Tshirts des trois premiers laur\u00e9ats ont \u00e9t\u00e9 mis en vente au profit de l\u2019association Toplum G\u00f6n\u00fcll\u00fcleri Vakf\u0131 (TOG) (Pour mieux connaitre cette association, <a href=\"https:\/\/www.tog.org.tr\">cliquez ici<\/a>).<\/p>\n<h4>Les laur\u00e9ats :<\/h4>\n<p><strong>1er prix :<\/strong> Selin \u0130nce<br \/>\n<strong>2\u00e8me prix :<\/strong> Deniz Su \u00d6zk\u00f6yl\u00fc<br \/>\n<strong>3\u00e8me prix :<\/strong> Tuna \u00d6zkaya<br \/>\n<strong>4\u00e8me prix :<\/strong> Levent Kapus\u0131z<br \/>\n<strong>5\u00e8me prix :<\/strong> Ba\u015far Sarp Alag\u00f6z<br \/>\n<strong>6\u00e8me prix :<\/strong> Defne Tanr\u0131\u00f6ver<br \/>\n<strong>7\u00e8me prix :<\/strong> Zeynep Belirgen<br \/>\n<strong>8\u00e8me prix :<\/strong> G\u00fclbin Aslan<br \/>\n<strong>9\u00e8me prix :<\/strong> Seda Sa\u00e7mac\u0131<br \/>\n<strong>10\u00e8me prix :<\/strong> Defne \u00d6zsu<\/p>\n<h4>Les membres du jury :<\/h4>\n<p>Ahmet Do\u011fu \u0130pek, artiste<br \/>\nBenan Bal, directrice de cr\u00e9ation IAMNOTBASIC Marka Yarat\u0131c\u0131 Direkt\u00f6r\u00fc<br \/>\nCemal Bayaz\u0131t, coordinateur de l\u2019\u0130HK\u0130B<br \/>\nKaroly Aliotti, curateur<br \/>\nM\u00fcjde Uzman, com\u00e9dienne<br \/>\nNil\u00fcfer \u015ea\u015fmazer, \u00e9ditrice\/curatrice<br \/>\nOrkan Orgun, fondateur de IAMNOTBASIC<br \/>\n\u00d6zge Zeki, directrice de r\u00e9daction Cosmopolitan<br \/>\n\u00d6zlem S\u00fcer, universitaire\/cr\u00e9atrice de mode<br \/>\nSeda Lafc\u0131, directrice \u0130stanbul Moda Akademisi<\/p>\n","protected":false},"excerpt":{"rendered":"<p>Les \u00e9l\u00e8ves de 9\u00e8me se sont beaucoup investis dans leurs cr\u00e9ations sur le th\u00e8me de la mode \u00e9thique durant cette ann\u00e9e scolaire. Ils ont \u00e9t\u00e9 guid\u00e9s par leur professeur d\u2019Arts Plastiques, Umut Mehmet, et par la directrice artistique G\u00fcne\u015f G\u00fcner [&hellip;]<\/p>\n","protected":false},"author":1,"featured_media":15137,"comment_status":"open","ping_status":"open","sticky":false,"template":"","format":"gallery","meta":{"_monsterinsights_skip_tracking":false,"_monsterinsights_sitenote_active":false,"_monsterinsights_sitenote_note":"","_monsterinsights_sitenote_category":0,"footnotes":""},"categories":[53],"tags":[],"class_list":["post-4457","post","type-post","status-publish","format-gallery","has-post-thumbnail","hentry","category-concours","post_format-post-format-gallery"],"_links":{"self":[{"href":"https:\/\/www.sp.k12.tr\/fr\/wp-json\/wp\/v2\/posts\/4457","targetHints":{"allow":["GET"]}}],"collection":[{"href":"https:\/\/www.sp.k12.tr\/fr\/wp-json\/wp\/v2\/posts"}],"about":[{"href":"https:\/\/www.sp.k12.tr\/fr\/wp-json\/wp\/v2\/types\/post"}],"author":[{"embeddable":true,"href":"https:\/\/www.sp.k12.tr\/fr\/wp-json\/wp\/v2\/users\/1"}],"replies":[{"embeddable":true,"href":"https:\/\/www.sp.k12.tr\/fr\/wp-json\/wp\/v2\/comments?post=4457"}],"version-history":[{"count":0,"href":"https:\/\/www.sp.k12.tr\/fr\/wp-json\/wp\/v2\/posts\/4457\/revisions"}],"wp:featuredmedia":[{"embeddable":true,"href":"https:\/\/www.sp.k12.tr\/fr\/wp-json\/wp\/v2\/media\/15137"}],"wp:attachment":[{"href":"https:\/\/www.sp.k12.tr\/fr\/wp-json\/wp\/v2\/media?parent=4457"}],"wp:term":[{"taxonomy":"category","embeddable":true,"href":"https:\/\/www.sp.k12.tr\/fr\/wp-json\/wp\/v2\/categories?post=4457"},{"taxonomy":"post_tag","embeddable":true,"href":"https:\/\/www.sp.k12.tr\/fr\/wp-json\/wp\/v2\/tags?post=4457"}],"curies":[{"name":"wp","href":"https:\/\/api.w.org\/{rel}","templated":true}]}}