{"id":44462,"date":"2022-01-17T13:23:58","date_gmt":"2022-01-17T10:23:58","guid":{"rendered":"https:\/\/www.sp.k12.tr\/?p=44462"},"modified":"2022-01-17T13:23:58","modified_gmt":"2022-01-17T10:23:58","slug":"carrefour-des-metiers-2021-2022","status":"publish","type":"post","link":"https:\/\/www.sp.k12.tr\/fr\/carrefour-des-metiers-2021-2022\/","title":{"rendered":"Carrefour des m\u00e9tiers 2021-2022"},"content":{"rendered":"<p>De l&rsquo;architecture au design, des relations publiques \u00e0 l&rsquo;ing\u00e9nierie m\u00e9catronique, nos \u00e9l\u00e8ves ont eu l&rsquo;opportunit\u00e9 de rencontrer 18 professionnels sur des sessions online.<\/p>\n<p>Lors de ces rencontres, nos \u00e9l\u00e8ves ont eu l&rsquo;occasion de poser toutes leurs questions et d&rsquo;obtenir des informations pr\u00e9cises aupr\u00e8s de professionnels dont le secteur d&rsquo;activit\u00e9 les int\u00e9resse. Ces rencontres se sont d\u00e9roul\u00e9es lors de trois sessions. Ainsi, la qualit\u00e9 des renseignements obtenus leur permettra de mieux cerner certains m\u00e9tiers et de se projeter dans des domaines d&rsquo;activit\u00e9 dans lesquels ils souhaitent travailler.<\/p>\n<p>Notre Carrefour des m\u00e9tiers a constitu\u00e9 pour certains \u00e9l\u00e8ves un moment privil\u00e9gi\u00e9 pour se concentrer sur les professionnels des m\u00e9tiers qui les attiraient et dans lesquels ils souhaitaient \u00e0 priori s&rsquo;investir. Pour d&rsquo;autres \u00e9l\u00e8ves, ces rencontres leur ont permis au contraire d&rsquo;\u00eatre encore plus s\u00fbrs de voies qui ne sont pas faites pour eux et de d\u00e9finir des m\u00e9tiers qu&rsquo;ils ne voudraient \u00ab\u00a0jamais\u00a0\u00bb exercer.<\/p>\n<p>Nous esp\u00e9rons que l&rsquo;\u00e9dition 2022 du Carrefour des m\u00e9tiers Sainte Pulch\u00e9rie aura \u00e9t\u00e9 utile aupr\u00e8s de nos \u00e9l\u00e8ves et nous tenons \u00e0 remercier tous les professionnels qui ont particip\u00e9 \u00e0 cet \u00e9v\u00e9nement.<\/p>\n","protected":false},"excerpt":{"rendered":"<p>De l&rsquo;architecture au design, des relations publiques \u00e0 l&rsquo;ing\u00e9nierie m\u00e9catronique, nos \u00e9l\u00e8ves ont eu l&rsquo;opportunit\u00e9 de rencontrer 18 professionnels sur des sessions online. Lors de ces rencontres, nos \u00e9l\u00e8ves ont eu l&rsquo;occasion de poser toutes leurs questions et d&rsquo;obtenir des [&hellip;]<\/p>\n","protected":false},"author":1,"featured_media":44476,"comment_status":"open","ping_status":"open","sticky":false,"template":"","format":"gallery","meta":{"_monsterinsights_skip_tracking":false,"_monsterinsights_sitenote_active":false,"_monsterinsights_sitenote_note":"","_monsterinsights_sitenote_category":0,"footnotes":""},"categories":[400,55,425],"tags":[],"class_list":["post-44462","post","type-post","status-publish","format-gallery","has-post-thumbnail","hentry","category-general","category-rencontres","category-slayt","post_format-post-format-gallery"],"_links":{"self":[{"href":"https:\/\/www.sp.k12.tr\/fr\/wp-json\/wp\/v2\/posts\/44462","targetHints":{"allow":["GET"]}}],"collection":[{"href":"https:\/\/www.sp.k12.tr\/fr\/wp-json\/wp\/v2\/posts"}],"about":[{"href":"https:\/\/www.sp.k12.tr\/fr\/wp-json\/wp\/v2\/types\/post"}],"author":[{"embeddable":true,"href":"https:\/\/www.sp.k12.tr\/fr\/wp-json\/wp\/v2\/users\/1"}],"replies":[{"embeddable":true,"href":"https:\/\/www.sp.k12.tr\/fr\/wp-json\/wp\/v2\/comments?post=44462"}],"version-history":[{"count":0,"href":"https:\/\/www.sp.k12.tr\/fr\/wp-json\/wp\/v2\/posts\/44462\/revisions"}],"wp:featuredmedia":[{"embeddable":true,"href":"https:\/\/www.sp.k12.tr\/fr\/wp-json\/wp\/v2\/media\/44476"}],"wp:attachment":[{"href":"https:\/\/www.sp.k12.tr\/fr\/wp-json\/wp\/v2\/media?parent=44462"}],"wp:term":[{"taxonomy":"category","embeddable":true,"href":"https:\/\/www.sp.k12.tr\/fr\/wp-json\/wp\/v2\/categories?post=44462"},{"taxonomy":"post_tag","embeddable":true,"href":"https:\/\/www.sp.k12.tr\/fr\/wp-json\/wp\/v2\/tags?post=44462"}],"curies":[{"name":"wp","href":"https:\/\/api.w.org\/{rel}","templated":true}]}}