{"id":43947,"date":"2021-12-24T10:03:13","date_gmt":"2021-12-24T07:03:13","guid":{"rendered":"https:\/\/www.sp.k12.tr\/?p=43947"},"modified":"2021-12-28T02:28:33","modified_gmt":"2021-12-27T23:28:33","slug":"finir-2021-en-beaute-le-calendrier-de-la-mediatheque","status":"publish","type":"post","link":"https:\/\/www.sp.k12.tr\/fr\/finir-2021-en-beaute-le-calendrier-de-la-mediatheque\/","title":{"rendered":"Finir 2021 en beaut\u00e9 : le calendrier de la m\u00e9diath\u00e8que"},"content":{"rendered":"<p>Durant ce mois de d\u00e9cembre, la m\u00e9diath\u00e8que a propos\u00e9 de mettre livres et\u00a0 films en relation avec les valeurs du lyc\u00e9e, selon les pens\u00e9es totalement subjectives de 28 membres de la communaut\u00e9 \u00e9ducative&#8230; Un calendrier g\u00e9ant a ainsi pris place dans l&rsquo;espace de la m\u00e9diath\u00e8que. Chaque jour une nouvelle case \u00e0 \u00e9t\u00e9 ouverte par les \u00e9l\u00e8ves qui ont d\u00e9couvert dans chacune d&rsquo;entre-elles, non pas du chocolat, mais une proposition de livre ou de film vus sous le filtre des valeurs de notre lyc\u00e9e : la bienveillance, la cr\u00e9ativit\u00e9, l&rsquo;engagement, le courage, la discipline.<\/p>\n<p>Chaque jour, l&rsquo;ouverture des cases a \u00e9t\u00e9 relay\u00e9e sur l&rsquo;instagram Story de la m\u00e9diath\u00e8que. On a pu y regarcer les vid\u00e9os des \u00e9l\u00e8ves lisant les textes et pens\u00e9es laiss\u00e9es sur les couvertures.<\/p>\n<p>Pour d\u00e9couvrir les photos du projet et les propositions de lectures ou de films des uns et des autres, <a href=\"https:\/\/www.sp-mediatheque.com\/post\/finir-2021-en-beaute-le-calendrier-de-la-mediatheque\">cliquez sur le lien<\/a>.<\/p>\n<p>Merci \u00e0 l&rsquo;\u00e9quipe m\u00e9diath\u00e8que pour cette belle initiative et bonnes f\u00eates de fin d&rsquo;ann\u00e9e \u00e0 tous !<\/p>\n<p>&nbsp;<\/p>\n","protected":false},"excerpt":{"rendered":"<p>Durant ce mois de d\u00e9cembre, la m\u00e9diath\u00e8que a propos\u00e9 de mettre livres et\u00a0 films en relation avec les valeurs du lyc\u00e9e, selon les pens\u00e9es totalement subjectives de 28 membres de la communaut\u00e9 \u00e9ducative&#8230; Un calendrier g\u00e9ant a ainsi pris place [&hellip;]<\/p>\n","protected":false},"author":1,"featured_media":43986,"comment_status":"open","ping_status":"open","sticky":false,"template":"","format":"gallery","meta":{"_monsterinsights_skip_tracking":false,"_monsterinsights_sitenote_active":false,"_monsterinsights_sitenote_note":"","_monsterinsights_sitenote_category":0,"footnotes":""},"categories":[400,425],"tags":[],"class_list":["post-43947","post","type-post","status-publish","format-gallery","has-post-thumbnail","hentry","category-general","category-slayt","post_format-post-format-gallery"],"_links":{"self":[{"href":"https:\/\/www.sp.k12.tr\/fr\/wp-json\/wp\/v2\/posts\/43947","targetHints":{"allow":["GET"]}}],"collection":[{"href":"https:\/\/www.sp.k12.tr\/fr\/wp-json\/wp\/v2\/posts"}],"about":[{"href":"https:\/\/www.sp.k12.tr\/fr\/wp-json\/wp\/v2\/types\/post"}],"author":[{"embeddable":true,"href":"https:\/\/www.sp.k12.tr\/fr\/wp-json\/wp\/v2\/users\/1"}],"replies":[{"embeddable":true,"href":"https:\/\/www.sp.k12.tr\/fr\/wp-json\/wp\/v2\/comments?post=43947"}],"version-history":[{"count":0,"href":"https:\/\/www.sp.k12.tr\/fr\/wp-json\/wp\/v2\/posts\/43947\/revisions"}],"wp:featuredmedia":[{"embeddable":true,"href":"https:\/\/www.sp.k12.tr\/fr\/wp-json\/wp\/v2\/media\/43986"}],"wp:attachment":[{"href":"https:\/\/www.sp.k12.tr\/fr\/wp-json\/wp\/v2\/media?parent=43947"}],"wp:term":[{"taxonomy":"category","embeddable":true,"href":"https:\/\/www.sp.k12.tr\/fr\/wp-json\/wp\/v2\/categories?post=43947"},{"taxonomy":"post_tag","embeddable":true,"href":"https:\/\/www.sp.k12.tr\/fr\/wp-json\/wp\/v2\/tags?post=43947"}],"curies":[{"name":"wp","href":"https:\/\/api.w.org\/{rel}","templated":true}]}}