{"id":43202,"date":"2021-11-22T09:35:31","date_gmt":"2021-11-22T06:35:31","guid":{"rendered":"https:\/\/www.sp.k12.tr\/?p=43202"},"modified":"2021-11-22T09:35:31","modified_gmt":"2021-11-22T06:35:31","slug":"imagine-et-cree-le-nouveau-logo-de-la-mediatheque","status":"publish","type":"post","link":"https:\/\/www.sp.k12.tr\/fr\/imagine-et-cree-le-nouveau-logo-de-la-mediatheque\/","title":{"rendered":"Imagine et cr\u00e9e le nouveau logo de la m\u00e9diath\u00e8que !"},"content":{"rendered":"<p><span style=\"font-weight: 400;\">L\u2019\u00e9quipe de la m\u00e9diath\u00e8que souhaite d\u00e9sormais utiliser un logo propre \u00e0 la m\u00e9diath\u00e8que, esth\u00e9tique et ais\u00e9ment reconnaissable, pour sa communication interne et externe.<\/span><\/p>\n<p><span style=\"font-weight: 400;\">Il s\u2019agira d\u2019un logo cr\u00e9\u00e9 par l\u2019ensemble de la communaut\u00e9 \u00e9ducative du lyc\u00e9e puisque chacun (\u00e9l\u00e8ve, professeur, administratif, personnel) est invit\u00e9 :<\/span><\/p>\n<ul>\n<li style=\"font-weight: 400;\" aria-level=\"1\"><span style=\"font-weight: 400;\">dans un premier temps, jusqu\u2019au 7 janvier 2022, \u00e0 proposer un logo original\u00a0<\/span><\/li>\n<li><span style=\"font-weight: 400;\">puis, dans un second temps, \u00e0 voter parmi les productions pr\u00e9-s\u00e9lectionn\u00e9es<\/span><\/li>\n<\/ul>\n<p><span style=\"font-weight: 400;\">Trouvez ci-dessous l\u2019int\u00e9gralit\u00e9 du r\u00e8glement du concours.<\/span><\/p>\n<p><span style=\"font-weight: 400;\">Nous sommes impatients de recevoir vos contributions !<\/span><\/p>\n<p>&nbsp;<\/p>\n<p>&nbsp;<\/p>\n<p><b>R\u00e8glement<\/b><\/p>\n<p><span style=\"font-weight: 400;\">Le concours est ouvert \u00e0 tous (\u00e9l\u00e8ves, enseignants, administration, personnel).<\/span><\/p>\n<p><span style=\"font-weight: 400;\">Ce logo est un support visuel qui doit \u00eatre identifi\u00e9 facilement et qui doit marquer les esprits.\u00a0<\/span><\/p>\n<p><span style=\"font-weight: 400;\">Il appara\u00eetra sur tous nos outils de communication (site, blog, portail de notre catalogue, Instagram, Twitter, Soundcloud, Pinterest) et nos produits d\u00e9riv\u00e9s.<\/span><\/p>\n<p><span style=\"font-weight: 400;\">Vous avez jusqu&rsquo;au <\/span><b>vendredi 7 janvier 2022<\/b><span style=\"font-weight: 400;\"> pour rendre vos cr\u00e9ations :<\/span><\/p>\n<ul>\n<li style=\"font-weight: 400;\" aria-level=\"1\"><span style=\"font-weight: 400;\">sur support num\u00e9rique (JPEG ou PNG) \u00e0 l\u2019adresse suivante : <\/span><a href=\"mailto:medyatek@sp.k12.tr\"><span style=\"font-weight: 400;\">medyatek@sp.k12.tr<\/span><\/a><\/li>\n<li style=\"font-weight: 400;\" aria-level=\"1\"><span style=\"font-weight: 400;\">OU sur support papier (format A4), \u00e0 la m\u00e9diath\u00e8que.<\/span><\/li>\n<\/ul>\n<p><span style=\"font-weight: 400;\">Un candidat peut proposer plusieurs logos.<\/span><\/p>\n<p><span style=\"font-weight: 400;\">Le gagnant recevra un prix et aura la chance de pouvoir retravailler le logo avec un graphiste professionnel.<\/span><\/p>\n<p><b>Consignes<\/b><\/p>\n<p><span style=\"font-weight: 400;\">Pour mener \u00e0 bien votre mission et r\u00e9aliser un \u00ab\u00a0logo presque parfait\u00a0\u00bb, voici quelques r\u00e8gles \u00e0 respecter :<\/span><\/p>\n<ul>\n<li style=\"font-weight: 400;\" aria-level=\"1\"><span style=\"font-weight: 400;\">Votre logo doit \u00eatre facile \u00e0 d\u00e9crire : retirez tout ce qui n\u2019est pas essentiel \/ Evitez les d\u00e9tails compliqu\u00e9s<\/span><\/li>\n<li style=\"font-weight: 400;\" aria-level=\"1\"><span style=\"font-weight: 400;\">N\u2019utilisez pas plus de deux polices de caract\u00e8res. La police de caract\u00e8re doit \u00eatre suffisamment lisible<\/span><\/li>\n<li style=\"font-weight: 400;\" aria-level=\"1\"><span style=\"font-weight: 400;\">La pr\u00e9sence d\u2019un S et d\u2019un P est exig\u00e9e<\/span><\/li>\n<\/ul>\n<p><b>Couleurs<\/b><\/p>\n<p><span style=\"font-weight: 400;\">Utilisez obligatoirement une ou des couleurs de la liste ci-dessous.<\/span><\/p>\n<p><span style=\"font-weight: 400;\">Vous pouvez aussi utiliser, si vous le souhaitez, une couleur suppl\u00e9mentaire de votre choix.<\/span><\/p>\n<table>\n<tbody>\n<tr>\n<td><b>Couleurs\u00a0<\/b><\/td>\n<td><b>Code HEX (hexad\u00e9cimal)<\/b><\/td>\n<\/tr>\n<tr>\n<td><span style=\"font-weight: 400;\">bleu clair<\/span><\/td>\n<td><span style=\"font-weight: 400;\">#15a9e2<\/span><\/td>\n<\/tr>\n<tr>\n<td><span style=\"font-weight: 400;\">bleu fonc\u00e9<\/span><\/td>\n<td><span style=\"font-weight: 400;\">#2b2e70<\/span><\/td>\n<\/tr>\n<tr>\n<td><span style=\"font-weight: 400;\">rouge<\/span><\/td>\n<td><span style=\"font-weight: 400;\">#e73e1a<\/span><\/td>\n<\/tr>\n<tr>\n<td><span style=\"font-weight: 400;\">noir<\/span><\/td>\n<td><span style=\"font-weight: 400;\">#000000<\/span><\/td>\n<\/tr>\n<tr>\n<td><span style=\"font-weight: 400;\">blanc\u00a0<\/span><\/td>\n<td><span style=\"font-weight: 400;\">#FFFFFF<\/span><\/td>\n<\/tr>\n<\/tbody>\n<\/table>\n<p><b>Droits d&rsquo;auteur\u00a0<\/b><\/p>\n<p><span style=\"font-weight: 400;\">Le logo sera une cr\u00e9ation originale.<\/span><\/p>\n<p><span style=\"font-weight: 400;\">Il est formellement interdit de faire une compilation ou de s&rsquo;inspirer trop fortement de logos d\u00e9j\u00e0 existants.<\/span><\/p>\n<p><span style=\"font-weight: 400;\">Tous les droits li\u00e9s \u00e0 la cr\u00e9ation du logo vainqueur seront c\u00e9d\u00e9s \u00e0 l&rsquo;\u00e9tablissement.<\/span><\/p>\n<p><b>S\u00e9lections<\/b><\/p>\n<p><span style=\"font-weight: 400;\">Le jury effectuera une premi\u00e8re s\u00e9lection parmi les productions re\u00e7ues.<\/span><span style=\"font-weight: 400;\"><br \/>\n<\/span><span style=\"font-weight: 400;\">Les productions finalistes seront soumises au vote de l\u2019ensemble de l\u2019\u00e9tablissement (\u00e9l\u00e8ves, enseignants, administration, personnel).<\/span><\/p>\n","protected":false},"excerpt":{"rendered":"<p>L\u2019\u00e9quipe de la m\u00e9diath\u00e8que souhaite d\u00e9sormais utiliser un logo propre \u00e0 la m\u00e9diath\u00e8que, esth\u00e9tique et ais\u00e9ment reconnaissable, pour sa communication interne et externe. Il s\u2019agira d\u2019un logo cr\u00e9\u00e9 par l\u2019ensemble de la communaut\u00e9 \u00e9ducative du lyc\u00e9e puisque chacun (\u00e9l\u00e8ve, professeur, [&hellip;]<\/p>\n","protected":false},"author":1,"featured_media":43201,"comment_status":"open","ping_status":"open","sticky":false,"template":"","format":"gallery","meta":{"_monsterinsights_skip_tracking":false,"_monsterinsights_sitenote_active":false,"_monsterinsights_sitenote_note":"","_monsterinsights_sitenote_category":0,"footnotes":""},"categories":[53],"tags":[],"class_list":["post-43202","post","type-post","status-publish","format-gallery","has-post-thumbnail","hentry","category-concours","post_format-post-format-gallery"],"_links":{"self":[{"href":"https:\/\/www.sp.k12.tr\/fr\/wp-json\/wp\/v2\/posts\/43202","targetHints":{"allow":["GET"]}}],"collection":[{"href":"https:\/\/www.sp.k12.tr\/fr\/wp-json\/wp\/v2\/posts"}],"about":[{"href":"https:\/\/www.sp.k12.tr\/fr\/wp-json\/wp\/v2\/types\/post"}],"author":[{"embeddable":true,"href":"https:\/\/www.sp.k12.tr\/fr\/wp-json\/wp\/v2\/users\/1"}],"replies":[{"embeddable":true,"href":"https:\/\/www.sp.k12.tr\/fr\/wp-json\/wp\/v2\/comments?post=43202"}],"version-history":[{"count":0,"href":"https:\/\/www.sp.k12.tr\/fr\/wp-json\/wp\/v2\/posts\/43202\/revisions"}],"wp:featuredmedia":[{"embeddable":true,"href":"https:\/\/www.sp.k12.tr\/fr\/wp-json\/wp\/v2\/media\/43201"}],"wp:attachment":[{"href":"https:\/\/www.sp.k12.tr\/fr\/wp-json\/wp\/v2\/media?parent=43202"}],"wp:term":[{"taxonomy":"category","embeddable":true,"href":"https:\/\/www.sp.k12.tr\/fr\/wp-json\/wp\/v2\/categories?post=43202"},{"taxonomy":"post_tag","embeddable":true,"href":"https:\/\/www.sp.k12.tr\/fr\/wp-json\/wp\/v2\/tags?post=43202"}],"curies":[{"name":"wp","href":"https:\/\/api.w.org\/{rel}","templated":true}]}}