{"id":43050,"date":"2021-11-02T10:13:31","date_gmt":"2021-11-02T07:13:31","guid":{"rendered":"https:\/\/www.sp.k12.tr\/?p=43050"},"modified":"2021-11-02T10:13:31","modified_gmt":"2021-11-02T07:13:31","slug":"les-preparatoires-a-la-decouverte-de-la-mediatheque","status":"publish","type":"post","link":"https:\/\/www.sp.k12.tr\/fr\/les-preparatoires-a-la-decouverte-de-la-mediatheque\/","title":{"rendered":"Les pr\u00e9paratoires \u00e0 la d\u00e9couverte de la M\u00e9diath\u00e8que"},"content":{"rendered":"<p>Pendant l&rsquo;ann\u00e9e pr\u00e9paratoire, nos \u00e9l\u00e8ves ont des cours de fran\u00e7ais \u00e0 la m\u00e9diath\u00e8que chaque semaine et en demi-groupes. Les \u00e9l\u00e8ves ont non seulement la possibilit\u00e9 de parler davantage en fran\u00e7ais et de s&rsquo;exprimer dans cette langue, mais \u00e9galement d&rsquo;acqu\u00e9rir de l&rsquo;exp\u00e9rience en acc\u00e9dant \u00e0 des livres et \u00e0 des informations, en faisant des recherches et des pr\u00e9sentations devant leurs camarades en nombre restreint.<\/p>\n<p>Nos \u00e9l\u00e8ves, que nous avons retrouv\u00e9s dans le cadre de l&rsquo;enseignement pr\u00e9sentiel, sont venus \u00e0 la m\u00e9diath\u00e8que avec leurs professeurs de litt\u00e9rature turque et de fran\u00e7ais avant les cours, et nous avons eu l&rsquo;occasion de les rencontrer. Ils ont appris \u00e0 conna\u00eetre cet espace qu&rsquo;ils peuvent utiliser pour leurs cours pendant leurs ann\u00e9es d&rsquo;\u00e9tudes et o\u00f9 ils peuvent venir travailler et lire des livres pendant les r\u00e9cr\u00e9ations et apr\u00e8s l&rsquo;\u00e9cole.<\/p>\n<p>Dans le cours de fran\u00e7ais, les \u00e9l\u00e8ves, accompagn\u00e9s de leurs professeurs, ont appris \u00e0 situer les ressources en fran\u00e7ais pour leur niveau pour lire des livres, des bandes dessin\u00e9es, des magazines et des DVD, et tout cela \u00e0 travers des petits jeux.<\/p>\n<p>Dans le cours de litt\u00e9rature turque, nos \u00e9l\u00e8ves pr\u00e9paratoires ont explor\u00e9 le fonctionnement, <a href=\"https:\/\/sp.bibli.fr\/\"><span style=\"font-weight: 400;\">le catalogue en ligne<\/span><\/a> et la pr\u00e9sentation g\u00e9n\u00e9rale de la m\u00e9diath\u00e8que dans leur langue maternelle, et ont \u00e9chang\u00e9 avec leurs camarades et professeurs sur les livres qu&rsquo;ils avaient lus auparavant et qu&rsquo;ils avaient aim\u00e9s ou qui avaient attir\u00e9 leur attention ce jour-l\u00e0.<\/p>\n<p>Notre m\u00e9diath\u00e8que qui suit de pr\u00e8s le monde de l&rsquo;\u00e9dition en turc, fran\u00e7ais et anglais propose un large \u00e9ventail de romans classiques, modernes et contemporains en langues turque, fran\u00e7aise et anglaise, ainsi que des mangas, des bandes dessin\u00e9es, des romans graphiques, des livres documentaires et des magazines susceptibles d&rsquo;attirer davantage l&rsquo;attention des jeunes.<\/p>\n<p>Toutes sortes de documents peuvent \u00eatre emprunt\u00e9s pendant au moins deux semaines.<\/p>\n<p>Pour mieux nous conna\u00eetre, vous pouvez suivre notre compte <a href=\"https:\/\/www.instagram.com\/sp_mediatheque\/?hl=tr\"><span style=\"font-weight: 400;\">instagram<\/span><\/a> et lire notre <a href=\"https:\/\/www.sp-mediatheque.com\/blog\"><span style=\"font-weight: 400;\">blog<\/span><\/a> !<\/p>\n","protected":false},"excerpt":{"rendered":"<p>Pendant l&rsquo;ann\u00e9e pr\u00e9paratoire, nos \u00e9l\u00e8ves ont des cours de fran\u00e7ais \u00e0 la m\u00e9diath\u00e8que chaque semaine et en demi-groupes. Les \u00e9l\u00e8ves ont non seulement la possibilit\u00e9 de parler davantage en fran\u00e7ais et de s&rsquo;exprimer dans cette langue, mais \u00e9galement d&rsquo;acqu\u00e9rir de [&hellip;]<\/p>\n","protected":false},"author":1,"featured_media":43063,"comment_status":"open","ping_status":"open","sticky":false,"template":"","format":"gallery","meta":{"_monsterinsights_skip_tracking":false,"_monsterinsights_sitenote_active":false,"_monsterinsights_sitenote_note":"","_monsterinsights_sitenote_category":0,"footnotes":""},"categories":[57],"tags":[],"class_list":["post-43050","post","type-post","status-publish","format-gallery","has-post-thumbnail","hentry","category-travaux-des-eleves","post_format-post-format-gallery"],"_links":{"self":[{"href":"https:\/\/www.sp.k12.tr\/fr\/wp-json\/wp\/v2\/posts\/43050","targetHints":{"allow":["GET"]}}],"collection":[{"href":"https:\/\/www.sp.k12.tr\/fr\/wp-json\/wp\/v2\/posts"}],"about":[{"href":"https:\/\/www.sp.k12.tr\/fr\/wp-json\/wp\/v2\/types\/post"}],"author":[{"embeddable":true,"href":"https:\/\/www.sp.k12.tr\/fr\/wp-json\/wp\/v2\/users\/1"}],"replies":[{"embeddable":true,"href":"https:\/\/www.sp.k12.tr\/fr\/wp-json\/wp\/v2\/comments?post=43050"}],"version-history":[{"count":0,"href":"https:\/\/www.sp.k12.tr\/fr\/wp-json\/wp\/v2\/posts\/43050\/revisions"}],"wp:featuredmedia":[{"embeddable":true,"href":"https:\/\/www.sp.k12.tr\/fr\/wp-json\/wp\/v2\/media\/43063"}],"wp:attachment":[{"href":"https:\/\/www.sp.k12.tr\/fr\/wp-json\/wp\/v2\/media?parent=43050"}],"wp:term":[{"taxonomy":"category","embeddable":true,"href":"https:\/\/www.sp.k12.tr\/fr\/wp-json\/wp\/v2\/categories?post=43050"},{"taxonomy":"post_tag","embeddable":true,"href":"https:\/\/www.sp.k12.tr\/fr\/wp-json\/wp\/v2\/tags?post=43050"}],"curies":[{"name":"wp","href":"https:\/\/api.w.org\/{rel}","templated":true}]}}